{"id":15329,"date":"2025-11-18T17:30:33","date_gmt":"2025-11-18T16:30:33","guid":{"rendered":"https:\/\/www.groupe-cyllene.com\/?p=15329"},"modified":"2025-11-24T17:00:45","modified_gmt":"2025-11-24T16:00:45","slug":"energaia2025","status":"publish","type":"post","link":"https:\/\/www.groupe-cyllene.com\/en\/energaia2025\/","title":{"rendered":"Cyllene sera pr\u00e9sent au salon EnerGa\u00efa, le forum des \u00e9nergies renouvelables, les 10 et 11 d\u00e9cembre 2025 !"},"content":{"rendered":"<div class=\"wp-block-columns is-layout-flex wp-container-core-columns-is-layout-9d6595d7 wp-block-columns-is-layout-flex\">\n<div class=\"wp-block-column is-layout-flow wp-block-column-is-layout-flow\"><\/div>\n\n\n\n<div class=\"wp-block-column is-layout-flow wp-block-column-is-layout-flow\"><\/div>\n\n\n\n<div class=\"wp-block-column is-layout-flow wp-block-column-is-layout-flow\"><\/div>\n<\/div>\n\n\n\n<h3 class=\"wp-block-heading\"><mark style=\"background-color:rgba(0, 0, 0, 0);color:#2d6dbb\" class=\"has-inline-color\">Cyllene participe \u00e0 la 18\u1d49 \u00e9dition du Salon Energa<strong>\u00ef<\/strong>a, au Palais des Expositions de Montpellier, pour rencontrer plus de 22 000 visiteurs engag\u00e9s dans la transition \u00e9nerg\u00e9tique ! <\/mark><\/h3>\n\n\n\n<p><\/p>\n\n\n\n<h3 class=\"wp-block-heading\">Retrouver nos \u00e9quipes techniques et commerciales sur le stand A23 &#8211; Hall A6 pour une immersion dans les solutions de connectivit\u00e9 SD-WAN souveraine : con\u00e7ues avec expertise et d\u00e9ploy\u00e9es avec passion au services des acteurs des \u00e9nergies renouvelables.<\/h3>\n\n\n\n<div style=\"height:56px\" aria-hidden=\"true\" class=\"wp-block-spacer\"><\/div>\n\n\n\n<h3 class=\"wp-block-heading\">\ud83d\udd35 Rencontrez nos experts passionn\u00e9s&#8230;et passionnants.<\/h3>\n\n\n\n<p>D\u00e9couvrez notre savoir-faire en connectivit\u00e9 et \u00e9changez directement avec ceux qui con\u00e7oivent, pilotent et optimisent nos architectures.<\/p>\n\n\n\n<p><\/p>\n\n\n\n<h3 class=\"wp-block-heading\">\u26aa\ufe0f Partagez vos enjeux d&rsquo;interconnexion.<\/h3>\n\n\n\n<p>Exposez vos besoins, vos sites, vos contraintes : nous vous ferons tester l\u2019agilit\u00e9 et l\u2019intelligence de nos solutions SD-WAN souveraines.<\/p>\n\n\n\n<h3 class=\"wp-block-heading\">\ud83d\udd34 Profitez d\u2019un moment convivial lors de notre ap\u00e9ros&rsquo;stand !<\/h3>\n\n\n\n<p>Parce que la technologie est encore meilleure lorsqu\u2019elle cr\u00e9e du lien, rejoignez-nous pour un moment chaleureux en fin d\u2019apr\u00e8s-midi.<\/p>\n\n\n\n<div style=\"height:49px\" aria-hidden=\"true\" class=\"wp-block-spacer\"><\/div>\n\n\n\n<div class=\"wp-block-buttons is-content-justification-center is-layout-flex wp-container-core-buttons-is-layout-16018d1d wp-block-buttons-is-layout-flex\">\n<div class=\"wp-block-button is-style-outline is-style-outline--1\"><a class=\"wp-block-button__link has-text-color has-link-color has-text-align-center has-custom-font-size wp-element-button\" href=\"#inscription-evenement\" style=\"color:#2d6dbb;font-size:24px\">Programmer mon rendez-vous sur le stand<\/a><\/div>\n<\/div>\n\n\n\n<div style=\"height:63px\" aria-hidden=\"true\" class=\"wp-block-spacer\"><\/div>\n\n\n\n<h2 class=\"wp-block-heading\" style=\"font-size:29px\"><mark style=\"background-color:rgba(0, 0, 0, 0);color:#2d6dbb\" class=\"has-inline-color\">\ud83c\udf77\ud83e\udd56 En fin d&rsquo;apr\u00e8s-midi, nos experts vous serviront la \u00ab\u00a0connectivit\u00e9\u00a0\u00bb qu&rsquo;il vous faut\u2026 sur un plateau<\/mark> <mark style=\"background-color:rgba(0, 0, 0, 0);color:#2d6dbb\" class=\"has-inline-color\">!<\/mark><\/h2>\n\n\n\n<h3 class=\"wp-block-heading\"><mark style=\"background-color:rgba(0, 0, 0, 0)\" class=\"has-inline-color has-black-color\">Un moment unique 100% gourmand et 100% \u00ab\u00a0connexion\u00a0\u00bb humaine \u00e0 ne pas manquer.<\/mark><\/h3>\n\n\n\n<div style=\"height:92px\" aria-hidden=\"true\" class=\"wp-block-spacer\"><\/div>\n\n\n\n<div class=\"wp-block-cover alignfull is-light\"><span aria-hidden=\"true\" class=\"wp-block-cover__background has-background-dim-100 has-background-dim\" style=\"background-color:#ffffff\"><\/span><div class=\"wp-block-cover__inner-container is-layout-flow wp-block-cover-is-layout-flow\">\n<div class=\"wp-block-media-text alignwide is-stacked-on-mobile is-vertically-aligned-center\"><figure class=\"wp-block-media-text__media\"><img loading=\"lazy\" decoding=\"async\" width=\"1024\" height=\"1024\" src=\"https:\/\/www.groupe-cyllene.com\/wp-content\/uploads\/2025\/11\/Post_reseaux_sociaux_non_personnalisable_FR-1024x1024.png\" alt=\"ENERGAIA\" class=\"wp-image-15332 size-full\" srcset=\"https:\/\/www.groupe-cyllene.com\/wp-content\/uploads\/2025\/11\/Post_reseaux_sociaux_non_personnalisable_FR-1024x1024.png 1024w, https:\/\/www.groupe-cyllene.com\/wp-content\/uploads\/2025\/11\/Post_reseaux_sociaux_non_personnalisable_FR-300x300.png 300w, https:\/\/www.groupe-cyllene.com\/wp-content\/uploads\/2025\/11\/Post_reseaux_sociaux_non_personnalisable_FR-150x150.png 150w, https:\/\/www.groupe-cyllene.com\/wp-content\/uploads\/2025\/11\/Post_reseaux_sociaux_non_personnalisable_FR-768x768.png 768w, https:\/\/www.groupe-cyllene.com\/wp-content\/uploads\/2025\/11\/Post_reseaux_sociaux_non_personnalisable_FR-12x12.png 12w, https:\/\/www.groupe-cyllene.com\/wp-content\/uploads\/2025\/11\/Post_reseaux_sociaux_non_personnalisable_FR.png 1080w\" sizes=\"auto, (max-width: 1024px) 100vw, 1024px\" \/><\/figure><div class=\"wp-block-media-text__content\">\n<h2 class=\"wp-block-heading has-text-color\" style=\"color:#000000;font-size:32px\"><strong><strong><mark style=\"background-color:rgba(0, 0, 0, 0);color:#2d6dbb\" class=\"has-inline-color\">\ud83d\udc49 <\/mark><\/strong><\/strong><mark style=\"background-color:rgba(0, 0, 0, 0)\" class=\"has-inline-color has-black-color\">On vous attend sur<\/mark><br><mark style=\"background-color:rgba(0, 0, 0, 0)\" class=\"has-inline-color has-black-color\">le<\/mark><strong><strong><mark style=\"background-color:rgba(0, 0, 0, 0);color:#2d6dbb\" class=\"has-inline-color\"> stand A26 Hall 6 !<\/mark><\/strong><\/strong><\/h2>\n\n\n\n<p class=\"has-text-color\" style=\"color:#000000;font-size:17px\"><strong>Du mercredi 10 d\u00e9cembre 2026 de 9h \u00e0 18h<\/strong><\/p>\n\n\n\n<p class=\"has-text-color\" style=\"color:#000000;font-size:17px\">au <strong>jeudi 11 d\u00e9cembre 2026 de 9h \u00e0 17h<\/strong><\/p>\n\n\n\n<p class=\"has-text-color\" style=\"color:#000000;font-size:17px\">au Parc Exposition de Montpellier<\/p>\n\n\n\n<p>Route de la Foire &#8211; 34 470 P\u00e9rols<\/p>\n\n\n\n<div style=\"height:61px\" aria-hidden=\"true\" class=\"wp-block-spacer\"><\/div>\n\n\n\n<div class=\"wp-block-buttons is-layout-flex wp-block-buttons-is-layout-flex\">\n<div class=\"wp-block-button is-style-outline is-style-outline--2\"><a class=\"wp-block-button__link wp-element-button\" href=\"https:\/\/www.energaia.fr\">D\u00e9couvrir le salon Energaia<\/a><\/div>\n<\/div>\n<\/div><\/div>\n<\/div><\/div>\n\n\n\n<div id=\"inscription-evenement\" style=\"padding: 0px 0px; text-align: center;\">&nbsp;<\/div>","protected":false},"excerpt":{"rendered":"<p>Cyllene participe \u00e0 la 18\u1d49 \u00e9dition du Salon Energa\u00efa, au Palais des Expositions de Montpellier, pour rencontrer plus de 22 000 visiteurs engag\u00e9s dans la transition \u00e9nerg\u00e9tique ! Retrouver nos \u00e9quipes techniques et commerciales sur le stand A23 &#8211; Hall A6 pour une immersion dans les solutions de connectivit\u00e9 SD-WAN souveraine : con\u00e7ues avec expertise [&hellip;]<\/p>","protected":false},"author":11,"featured_media":15332,"comment_status":"closed","ping_status":"open","sticky":false,"template":"","format":"standard","meta":{"inline_featured_image":false,"footnotes":""},"categories":[33,45],"tags":[],"class_list":["post-15329","post","type-post","status-publish","format-standard","has-post-thumbnail","hentry","category-tout","category-evenements"],"acf":[],"yoast_head":"<!-- This site is optimized with the Yoast SEO plugin v27.5 - https:\/\/yoast.com\/product\/yoast-seo-wordpress\/ -->\n<title>Nos Actualit\u00e9s | Cyllene au FORUM ENERGAIA<\/title>\n<meta name=\"description\" content=\"Avec Cyllene, d\u00e9couvrez le salon ENERGAIA le 10 et 11 d\u00e9cembre \u00e0 Montpellier\" \/>\n<meta name=\"robots\" content=\"index, follow, max-snippet:-1, max-image-preview:large, max-video-preview:-1\" \/>\n<link rel=\"canonical\" href=\"https:\/\/www.groupe-cyllene.com\/en\/energaia2025\/\" \/>\n<meta property=\"og:locale\" content=\"en_GB\" \/>\n<meta property=\"og:type\" content=\"article\" \/>\n<meta property=\"og:title\" content=\"Nos Actualit\u00e9s | Cyllene au FORUM ENERGAIA\" \/>\n<meta property=\"og:description\" content=\"Avec Cyllene, d\u00e9couvrez le salon ENERGAIA le 10 et 11 d\u00e9cembre \u00e0 Montpellier\" \/>\n<meta property=\"og:url\" content=\"https:\/\/www.groupe-cyllene.com\/en\/energaia2025\/\" \/>\n<meta property=\"og:site_name\" content=\"Cyllene\" \/>\n<meta property=\"article:published_time\" content=\"2025-11-18T16:30:33+00:00\" \/>\n<meta property=\"article:modified_time\" content=\"2025-11-24T16:00:45+00:00\" \/>\n<meta property=\"og:image\" content=\"https:\/\/www.groupe-cyllene.com\/wp-content\/uploads\/2025\/11\/Post_reseaux_sociaux_non_personnalisable_FR.png\" \/>\n\t<meta property=\"og:image:width\" content=\"1080\" \/>\n\t<meta property=\"og:image:height\" content=\"1080\" \/>\n\t<meta property=\"og:image:type\" content=\"image\/png\" \/>\n<meta name=\"author\" content=\"Marketing\" \/>\n<meta name=\"twitter:card\" content=\"summary_large_image\" \/>\n<meta name=\"twitter:label1\" content=\"Written by\" \/>\n\t<meta name=\"twitter:data1\" content=\"Marketing\" \/>\n\t<meta name=\"twitter:label2\" content=\"Estimated reading time\" \/>\n\t<meta name=\"twitter:data2\" content=\"2 minutes\" \/>\n<script type=\"application\/ld+json\" class=\"yoast-schema-graph\">{\"@context\":\"https:\\\/\\\/schema.org\",\"@graph\":[{\"@type\":\"Article\",\"@id\":\"https:\\\/\\\/www.groupe-cyllene.com\\\/energaia2025\\\/#article\",\"isPartOf\":{\"@id\":\"https:\\\/\\\/www.groupe-cyllene.com\\\/energaia2025\\\/\"},\"author\":{\"name\":\"Marketing\",\"@id\":\"https:\\\/\\\/www.groupe-cyllene.com\\\/#\\\/schema\\\/person\\\/cd069af89e51212e3b442b62db2da893\"},\"headline\":\"Cyllene sera pr\u00e9sent au salon EnerGa\u00efa, le forum des \u00e9nergies renouvelables, les 10 et 11 d\u00e9cembre 2025 !\",\"datePublished\":\"2025-11-18T16:30:33+00:00\",\"dateModified\":\"2025-11-24T16:00:45+00:00\",\"mainEntityOfPage\":{\"@id\":\"https:\\\/\\\/www.groupe-cyllene.com\\\/energaia2025\\\/\"},\"wordCount\":243,\"image\":{\"@id\":\"https:\\\/\\\/www.groupe-cyllene.com\\\/energaia2025\\\/#primaryimage\"},\"thumbnailUrl\":\"https:\\\/\\\/www.groupe-cyllene.com\\\/wp-content\\\/uploads\\\/2025\\\/11\\\/Post_reseaux_sociaux_non_personnalisable_FR.png\",\"articleSection\":[\"Tout\",\"\u00c9v\u00e9nements\"],\"inLanguage\":\"en-GB\"},{\"@type\":\"WebPage\",\"@id\":\"https:\\\/\\\/www.groupe-cyllene.com\\\/energaia2025\\\/\",\"url\":\"https:\\\/\\\/www.groupe-cyllene.com\\\/energaia2025\\\/\",\"name\":\"Nos Actualit\u00e9s | Cyllene au FORUM ENERGAIA\",\"isPartOf\":{\"@id\":\"https:\\\/\\\/www.groupe-cyllene.com\\\/#website\"},\"primaryImageOfPage\":{\"@id\":\"https:\\\/\\\/www.groupe-cyllene.com\\\/energaia2025\\\/#primaryimage\"},\"image\":{\"@id\":\"https:\\\/\\\/www.groupe-cyllene.com\\\/energaia2025\\\/#primaryimage\"},\"thumbnailUrl\":\"https:\\\/\\\/www.groupe-cyllene.com\\\/wp-content\\\/uploads\\\/2025\\\/11\\\/Post_reseaux_sociaux_non_personnalisable_FR.png\",\"datePublished\":\"2025-11-18T16:30:33+00:00\",\"dateModified\":\"2025-11-24T16:00:45+00:00\",\"author\":{\"@id\":\"https:\\\/\\\/www.groupe-cyllene.com\\\/#\\\/schema\\\/person\\\/cd069af89e51212e3b442b62db2da893\"},\"description\":\"Avec Cyllene, d\u00e9couvrez le salon ENERGAIA le 10 et 11 d\u00e9cembre \u00e0 Montpellier\",\"inLanguage\":\"en-GB\",\"potentialAction\":[{\"@type\":\"ReadAction\",\"target\":[\"https:\\\/\\\/www.groupe-cyllene.com\\\/energaia2025\\\/\"]}]},{\"@type\":\"ImageObject\",\"inLanguage\":\"en-GB\",\"@id\":\"https:\\\/\\\/www.groupe-cyllene.com\\\/energaia2025\\\/#primaryimage\",\"url\":\"https:\\\/\\\/www.groupe-cyllene.com\\\/wp-content\\\/uploads\\\/2025\\\/11\\\/Post_reseaux_sociaux_non_personnalisable_FR.png\",\"contentUrl\":\"https:\\\/\\\/www.groupe-cyllene.com\\\/wp-content\\\/uploads\\\/2025\\\/11\\\/Post_reseaux_sociaux_non_personnalisable_FR.png\",\"width\":1080,\"height\":1080,\"caption\":\"ENERGAIA\"},{\"@type\":\"WebSite\",\"@id\":\"https:\\\/\\\/www.groupe-cyllene.com\\\/#website\",\"url\":\"https:\\\/\\\/www.groupe-cyllene.com\\\/\",\"name\":\"Cyllene\",\"description\":\"\",\"potentialAction\":[{\"@type\":\"SearchAction\",\"target\":{\"@type\":\"EntryPoint\",\"urlTemplate\":\"https:\\\/\\\/www.groupe-cyllene.com\\\/?s={search_term_string}\"},\"query-input\":{\"@type\":\"PropertyValueSpecification\",\"valueRequired\":true,\"valueName\":\"search_term_string\"}}],\"inLanguage\":\"en-GB\"},{\"@type\":\"Person\",\"@id\":\"https:\\\/\\\/www.groupe-cyllene.com\\\/#\\\/schema\\\/person\\\/cd069af89e51212e3b442b62db2da893\",\"name\":\"Marketing\",\"image\":{\"@type\":\"ImageObject\",\"inLanguage\":\"en-GB\",\"@id\":\"https:\\\/\\\/secure.gravatar.com\\\/avatar\\\/42014d031b39fab7271aaa3bd52e866cf95c7fa6e1963c62e144a27090a48899?s=96&d=mm&r=g\",\"url\":\"https:\\\/\\\/secure.gravatar.com\\\/avatar\\\/42014d031b39fab7271aaa3bd52e866cf95c7fa6e1963c62e144a27090a48899?s=96&d=mm&r=g\",\"contentUrl\":\"https:\\\/\\\/secure.gravatar.com\\\/avatar\\\/42014d031b39fab7271aaa3bd52e866cf95c7fa6e1963c62e144a27090a48899?s=96&d=mm&r=g\",\"caption\":\"Marketing\"}}]}<\/script>\n<!-- \/ Yoast SEO plugin. -->","yoast_head_json":{"title":"Nos Actualit\u00e9s | Cyllene au FORUM ENERGAIA","description":"Avec Cyllene, d\u00e9couvrez le salon ENERGAIA le 10 et 11 d\u00e9cembre \u00e0 Montpellier","robots":{"index":"index","follow":"follow","max-snippet":"max-snippet:-1","max-image-preview":"max-image-preview:large","max-video-preview":"max-video-preview:-1"},"canonical":"https:\/\/www.groupe-cyllene.com\/en\/energaia2025\/","og_locale":"en_GB","og_type":"article","og_title":"Nos Actualit\u00e9s | Cyllene au FORUM ENERGAIA","og_description":"Avec Cyllene, d\u00e9couvrez le salon ENERGAIA le 10 et 11 d\u00e9cembre \u00e0 Montpellier","og_url":"https:\/\/www.groupe-cyllene.com\/en\/energaia2025\/","og_site_name":"Cyllene","article_published_time":"2025-11-18T16:30:33+00:00","article_modified_time":"2025-11-24T16:00:45+00:00","og_image":[{"width":1080,"height":1080,"url":"https:\/\/www.groupe-cyllene.com\/wp-content\/uploads\/2025\/11\/Post_reseaux_sociaux_non_personnalisable_FR.png","type":"image\/png"}],"author":"Marketing","twitter_card":"summary_large_image","twitter_misc":{"Written by":"Marketing","Estimated reading time":"2 minutes"},"schema":{"@context":"https:\/\/schema.org","@graph":[{"@type":"Article","@id":"https:\/\/www.groupe-cyllene.com\/energaia2025\/#article","isPartOf":{"@id":"https:\/\/www.groupe-cyllene.com\/energaia2025\/"},"author":{"name":"Marketing","@id":"https:\/\/www.groupe-cyllene.com\/#\/schema\/person\/cd069af89e51212e3b442b62db2da893"},"headline":"Cyllene sera pr\u00e9sent au salon EnerGa\u00efa, le forum des \u00e9nergies renouvelables, les 10 et 11 d\u00e9cembre 2025 !","datePublished":"2025-11-18T16:30:33+00:00","dateModified":"2025-11-24T16:00:45+00:00","mainEntityOfPage":{"@id":"https:\/\/www.groupe-cyllene.com\/energaia2025\/"},"wordCount":243,"image":{"@id":"https:\/\/www.groupe-cyllene.com\/energaia2025\/#primaryimage"},"thumbnailUrl":"https:\/\/www.groupe-cyllene.com\/wp-content\/uploads\/2025\/11\/Post_reseaux_sociaux_non_personnalisable_FR.png","articleSection":["Tout","\u00c9v\u00e9nements"],"inLanguage":"en-GB"},{"@type":"WebPage","@id":"https:\/\/www.groupe-cyllene.com\/energaia2025\/","url":"https:\/\/www.groupe-cyllene.com\/energaia2025\/","name":"Nos Actualit\u00e9s | Cyllene au FORUM ENERGAIA","isPartOf":{"@id":"https:\/\/www.groupe-cyllene.com\/#website"},"primaryImageOfPage":{"@id":"https:\/\/www.groupe-cyllene.com\/energaia2025\/#primaryimage"},"image":{"@id":"https:\/\/www.groupe-cyllene.com\/energaia2025\/#primaryimage"},"thumbnailUrl":"https:\/\/www.groupe-cyllene.com\/wp-content\/uploads\/2025\/11\/Post_reseaux_sociaux_non_personnalisable_FR.png","datePublished":"2025-11-18T16:30:33+00:00","dateModified":"2025-11-24T16:00:45+00:00","author":{"@id":"https:\/\/www.groupe-cyllene.com\/#\/schema\/person\/cd069af89e51212e3b442b62db2da893"},"description":"Avec Cyllene, d\u00e9couvrez le salon ENERGAIA le 10 et 11 d\u00e9cembre \u00e0 Montpellier","inLanguage":"en-GB","potentialAction":[{"@type":"ReadAction","target":["https:\/\/www.groupe-cyllene.com\/energaia2025\/"]}]},{"@type":"ImageObject","inLanguage":"en-GB","@id":"https:\/\/www.groupe-cyllene.com\/energaia2025\/#primaryimage","url":"https:\/\/www.groupe-cyllene.com\/wp-content\/uploads\/2025\/11\/Post_reseaux_sociaux_non_personnalisable_FR.png","contentUrl":"https:\/\/www.groupe-cyllene.com\/wp-content\/uploads\/2025\/11\/Post_reseaux_sociaux_non_personnalisable_FR.png","width":1080,"height":1080,"caption":"ENERGAIA"},{"@type":"WebSite","@id":"https:\/\/www.groupe-cyllene.com\/#website","url":"https:\/\/www.groupe-cyllene.com\/","name":"Cyllene","description":"","potentialAction":[{"@type":"SearchAction","target":{"@type":"EntryPoint","urlTemplate":"https:\/\/www.groupe-cyllene.com\/?s={search_term_string}"},"query-input":{"@type":"PropertyValueSpecification","valueRequired":true,"valueName":"search_term_string"}}],"inLanguage":"en-GB"},{"@type":"Person","@id":"https:\/\/www.groupe-cyllene.com\/#\/schema\/person\/cd069af89e51212e3b442b62db2da893","name":"Marketing","image":{"@type":"ImageObject","inLanguage":"en-GB","@id":"https:\/\/secure.gravatar.com\/avatar\/42014d031b39fab7271aaa3bd52e866cf95c7fa6e1963c62e144a27090a48899?s=96&d=mm&r=g","url":"https:\/\/secure.gravatar.com\/avatar\/42014d031b39fab7271aaa3bd52e866cf95c7fa6e1963c62e144a27090a48899?s=96&d=mm&r=g","contentUrl":"https:\/\/secure.gravatar.com\/avatar\/42014d031b39fab7271aaa3bd52e866cf95c7fa6e1963c62e144a27090a48899?s=96&d=mm&r=g","caption":"Marketing"}}]}},"_links":{"self":[{"href":"https:\/\/www.groupe-cyllene.com\/en\/wp-json\/wp\/v2\/posts\/15329","targetHints":{"allow":["GET"]}}],"collection":[{"href":"https:\/\/www.groupe-cyllene.com\/en\/wp-json\/wp\/v2\/posts"}],"about":[{"href":"https:\/\/www.groupe-cyllene.com\/en\/wp-json\/wp\/v2\/types\/post"}],"author":[{"embeddable":true,"href":"https:\/\/www.groupe-cyllene.com\/en\/wp-json\/wp\/v2\/users\/11"}],"replies":[{"embeddable":true,"href":"https:\/\/www.groupe-cyllene.com\/en\/wp-json\/wp\/v2\/comments?post=15329"}],"version-history":[{"count":22,"href":"https:\/\/www.groupe-cyllene.com\/en\/wp-json\/wp\/v2\/posts\/15329\/revisions"}],"predecessor-version":[{"id":15533,"href":"https:\/\/www.groupe-cyllene.com\/en\/wp-json\/wp\/v2\/posts\/15329\/revisions\/15533"}],"wp:featuredmedia":[{"embeddable":true,"href":"https:\/\/www.groupe-cyllene.com\/en\/wp-json\/wp\/v2\/media\/15332"}],"wp:attachment":[{"href":"https:\/\/www.groupe-cyllene.com\/en\/wp-json\/wp\/v2\/media?parent=15329"}],"wp:term":[{"taxonomy":"category","embeddable":true,"href":"https:\/\/www.groupe-cyllene.com\/en\/wp-json\/wp\/v2\/categories?post=15329"},{"taxonomy":"post_tag","embeddable":true,"href":"https:\/\/www.groupe-cyllene.com\/en\/wp-json\/wp\/v2\/tags?post=15329"}],"curies":[{"name":"wp","href":"https:\/\/api.w.org\/{rel}","templated":true}]}}