{"id":16787,"date":"2026-03-03T14:09:13","date_gmt":"2026-03-03T13:09:13","guid":{"rendered":"https:\/\/www.groupe-cyllene.com\/?p=16787"},"modified":"2026-03-16T14:45:53","modified_gmt":"2026-03-16T13:45:53","slug":"matinee-proxmox-a-troyes","status":"publish","type":"post","link":"https:\/\/www.groupe-cyllene.com\/en\/matinee-proxmox-a-troyes\/","title":{"rendered":"Matin\u00e9e Proxmox \u00e0 Troyes"},"content":{"rendered":"<p><\/p>\n\n\n\n<h3 class=\"wp-block-heading\"><mark style=\"background-color:rgba(0, 0, 0, 0);color:#2d6dbb\" class=\"has-inline-color\">Alternative VMware : mythe ou v\u00e9ritable opportunit\u00e9 ?<\/mark><\/h3>\n\n\n\n<p class=\"has-medium-font-size\">Explosion des co\u00fbts, mod\u00e8le verrouill\u00e9, visibilit\u00e9 r\u00e9duite&#8230; Et si VMware n&rsquo;\u00e9tait plus la r\u00e9ponse par d\u00e9faut ?<\/p>\n\n\n\n<p class=\"has-medium-font-size\">D\u00e9couvrez concr\u00e8tement comment sortir de VMware et migrer vers Proxmox, une alternative performante, libre et \u00e9conomiquement ma\u00eetris\u00e9e, avec notre accompagnement d&rsquo;expert.<\/p>\n\n\n\n<figure class=\"wp-block-image size-large\"><img loading=\"lazy\" decoding=\"async\" width=\"1024\" height=\"427\" src=\"https:\/\/www.groupe-cyllene.com\/wp-content\/uploads\/2026\/03\/Frame-13-1-1024x427.png\" alt=\"\" class=\"wp-image-16932\" srcset=\"https:\/\/www.groupe-cyllene.com\/wp-content\/uploads\/2026\/03\/Frame-13-1-1024x427.png 1024w, https:\/\/www.groupe-cyllene.com\/wp-content\/uploads\/2026\/03\/Frame-13-1-300x125.png 300w, https:\/\/www.groupe-cyllene.com\/wp-content\/uploads\/2026\/03\/Frame-13-1-768x320.png 768w, https:\/\/www.groupe-cyllene.com\/wp-content\/uploads\/2026\/03\/Frame-13-1-18x8.png 18w, https:\/\/www.groupe-cyllene.com\/wp-content\/uploads\/2026\/03\/Frame-13-1.png 1200w\" sizes=\"auto, (max-width: 1024px) 100vw, 1024px\" \/><\/figure>\n\n\n\n<div style=\"height:31px\" aria-hidden=\"true\" class=\"wp-block-spacer\"><\/div>\n\n\n\n<div class=\"wp-block-buttons has-custom-font-size is-content-justification-center is-layout-flex wp-container-core-buttons-is-layout-16018d1d wp-block-buttons-is-layout-flex\" style=\"font-size:30px\">\n<div class=\"wp-block-button is-style-outline is-style-outline--1\"><a class=\"wp-block-button__link has-text-color has-link-color has-text-align-center has-custom-font-size wp-element-button\" href=\"#inscription-evenement\" style=\"color:#2d6dbb;font-size:24px\">Je m&rsquo;inscris<\/a><\/div>\n<\/div>\n\n\n\n<div style=\"height:46px\" aria-hidden=\"true\" class=\"wp-block-spacer\"><\/div>\n\n\n\n<div class=\"wp-block-cover alignfull is-light\"><span aria-hidden=\"true\" class=\"wp-block-cover__background has-background-dim-100 has-background-dim\" style=\"background-color:#ffffff\"><\/span><div class=\"wp-block-cover__inner-container is-layout-flow wp-block-cover-is-layout-flow\">\n<div class=\"wp-block-media-text alignwide is-stacked-on-mobile is-vertically-aligned-center is-image-fill-element\" style=\"grid-template-columns:26% auto\"><figure class=\"wp-block-media-text__media\"><img loading=\"lazy\" decoding=\"async\" width=\"819\" height=\"1024\" src=\"https:\/\/www.groupe-cyllene.com\/wp-content\/uploads\/2026\/02\/aliona-gumeniuk-_wdXUGB2GO4-unsplash-819x1024.jpg\" alt=\"\" class=\"wp-image-16804 size-full\" style=\"object-position:50% 50%\" srcset=\"https:\/\/www.groupe-cyllene.com\/wp-content\/uploads\/2026\/02\/aliona-gumeniuk-_wdXUGB2GO4-unsplash-819x1024.jpg 819w, https:\/\/www.groupe-cyllene.com\/wp-content\/uploads\/2026\/02\/aliona-gumeniuk-_wdXUGB2GO4-unsplash-240x300.jpg 240w, https:\/\/www.groupe-cyllene.com\/wp-content\/uploads\/2026\/02\/aliona-gumeniuk-_wdXUGB2GO4-unsplash-768x960.jpg 768w, https:\/\/www.groupe-cyllene.com\/wp-content\/uploads\/2026\/02\/aliona-gumeniuk-_wdXUGB2GO4-unsplash-1229x1536.jpg 1229w, https:\/\/www.groupe-cyllene.com\/wp-content\/uploads\/2026\/02\/aliona-gumeniuk-_wdXUGB2GO4-unsplash-1638x2048.jpg 1638w, https:\/\/www.groupe-cyllene.com\/wp-content\/uploads\/2026\/02\/aliona-gumeniuk-_wdXUGB2GO4-unsplash-10x12.jpg 10w, https:\/\/www.groupe-cyllene.com\/wp-content\/uploads\/2026\/02\/aliona-gumeniuk-_wdXUGB2GO4-unsplash-scaled.jpg 2048w\" sizes=\"auto, (max-width: 819px) 100vw, 819px\" \/><\/figure><div class=\"wp-block-media-text__content\">\n<div style=\"height:100px\" aria-hidden=\"true\" class=\"wp-block-spacer\"><\/div>\n\n\n<div class=\"wp-block-image\">\n<figure class=\"aligncenter size-full is-resized\"><img loading=\"lazy\" decoding=\"async\" width=\"340\" height=\"204\" src=\"https:\/\/www.groupe-cyllene.com\/wp-content\/uploads\/2024\/01\/Proxmox.png\" alt=\"Partenaire Cyllene Proxmox\" class=\"wp-image-3327\" style=\"aspect-ratio:3.4715226656334752;object-fit:cover;width:270px;height:auto\" srcset=\"https:\/\/www.groupe-cyllene.com\/wp-content\/uploads\/2024\/01\/Proxmox.png 340w, https:\/\/www.groupe-cyllene.com\/wp-content\/uploads\/2024\/01\/Proxmox-300x180.png 300w, https:\/\/www.groupe-cyllene.com\/wp-content\/uploads\/2024\/01\/Proxmox-18x12.png 18w\" sizes=\"auto, (max-width: 340px) 100vw, 340px\" \/><\/figure>\n<\/div>\n\n\n<div style=\"height:34px\" aria-hidden=\"true\" class=\"wp-block-spacer\"><\/div>\n\n\n\n<p class=\"has-text-align-left has-medium-font-size\">Rendez-vous <strong><strong>Jeudi 23 Avril 2026&nbsp;<\/strong><\/strong><br><strong><br>Cyllene Troyes<br><\/strong>2, rue de Berlin<br>10 300 Sainte-Savine<\/p>\n\n\n\n<div style=\"height:28px\" aria-hidden=\"true\" class=\"wp-block-spacer\"><\/div>\n\n\n\n<div class=\"wp-block-buttons is-content-justification-center is-layout-flex wp-container-core-buttons-is-layout-16018d1d wp-block-buttons-is-layout-flex\">\n<div class=\"wp-block-button is-style-outline is-style-outline--2\"><a class=\"wp-block-button__link wp-element-button\" href=\"#inscription-evenement\">Je m&rsquo;inscris<\/a><\/div>\n<\/div>\n\n\n\n<div style=\"height:48px\" aria-hidden=\"true\" class=\"wp-block-spacer\"><\/div>\n\n\n\n<h3 class=\"wp-block-heading has-text-color\" style=\"color:#000000;font-size:32px\">Votre programme<\/h3>\n\n\n\n<ul class=\"wp-block-list\">\n<li class=\"has-medium-font-size\">10H00<strong> <\/strong>: Accueil<br><br><\/li>\n\n\n\n<li class=\"has-medium-font-size\">10H30 <strong>: Pr\u00e9sentation, d\u00e9monstration live<\/strong> Proxmox &amp; <strong>retour d&rsquo;exp\u00e9rience client <\/strong><br><br><\/li>\n\n\n\n<li class=\"has-medium-font-size\">12h15 : Cocktail &amp; \u00e9changes entre pairs<\/li>\n<\/ul>\n\n\n\n<div style=\"height:100px\" aria-hidden=\"true\" class=\"wp-block-spacer\"><\/div>\n\n\n\n<div style=\"height:32px\" aria-hidden=\"true\" class=\"wp-block-spacer\"><\/div>\n<\/div><\/div>\n<\/div><\/div>\n\n\n\n<div id=\"inscription-evenement\" style=\"padding: 0px 0px; text-align: center;\">&nbsp;<\/div>\n\n\n\n<p><\/p>","protected":false},"excerpt":{"rendered":"<p>Alternative VMware : mythe ou v\u00e9ritable opportunit\u00e9 ? Explosion des co\u00fbts, mod\u00e8le verrouill\u00e9, visibilit\u00e9 r\u00e9duite&#8230; Et si VMware n&rsquo;\u00e9tait plus la r\u00e9ponse par d\u00e9faut ? D\u00e9couvrez concr\u00e8tement comment sortir de VMware et migrer vers Proxmox, une alternative performante, libre et \u00e9conomiquement ma\u00eetris\u00e9e, avec notre accompagnement d&rsquo;expert. &nbsp;<\/p>","protected":false},"author":11,"featured_media":17006,"comment_status":"closed","ping_status":"open","sticky":false,"template":"","format":"standard","meta":{"inline_featured_image":false,"footnotes":""},"categories":[33,45],"tags":[192],"class_list":["post-16787","post","type-post","status-publish","format-standard","has-post-thumbnail","hentry","category-tout","category-evenements","tag-proxmox"],"acf":[],"yoast_head":"<!-- This site is optimized with the Yoast SEO plugin v27.5 - https:\/\/yoast.com\/product\/yoast-seo-wordpress\/ -->\n<title>Nos Actualit\u00e9s | Ev\u00e8nements - Matin\u00e9e Promox<\/title>\n<meta name=\"description\" content=\"D\u00e9couvrez concr\u00e8tement comment sortir de VMware et migrer vers Proxmox, une alternative souveraine, performante et \u00e9conomiquement ma\u00eetris\u00e9e.\" \/>\n<meta name=\"robots\" content=\"index, follow, max-snippet:-1, max-image-preview:large, max-video-preview:-1\" \/>\n<link rel=\"canonical\" href=\"https:\/\/www.groupe-cyllene.com\/en\/matinee-proxmox-a-troyes\/\" \/>\n<meta property=\"og:locale\" content=\"en_GB\" \/>\n<meta property=\"og:type\" content=\"article\" \/>\n<meta property=\"og:title\" content=\"Nos Actualit\u00e9s | Ev\u00e8nements - Matin\u00e9e Promox\" \/>\n<meta property=\"og:description\" content=\"D\u00e9couvrez concr\u00e8tement comment sortir de VMware et migrer vers Proxmox, une alternative souveraine, performante et \u00e9conomiquement ma\u00eetris\u00e9e.\" \/>\n<meta property=\"og:url\" content=\"https:\/\/www.groupe-cyllene.com\/en\/matinee-proxmox-a-troyes\/\" \/>\n<meta property=\"og:site_name\" content=\"Cyllene\" \/>\n<meta property=\"article:published_time\" content=\"2026-03-03T13:09:13+00:00\" \/>\n<meta property=\"article:modified_time\" content=\"2026-03-16T13:45:53+00:00\" \/>\n<meta property=\"og:image\" content=\"https:\/\/www.groupe-cyllene.com\/wp-content\/uploads\/2026\/03\/Capture-decran-2026-03-16-143120.png\" \/>\n\t<meta property=\"og:image:width\" content=\"472\" \/>\n\t<meta property=\"og:image:height\" content=\"427\" \/>\n\t<meta property=\"og:image:type\" content=\"image\/png\" \/>\n<meta name=\"author\" content=\"Marketing\" \/>\n<meta name=\"twitter:card\" content=\"summary_large_image\" \/>\n<meta name=\"twitter:label1\" content=\"Written by\" \/>\n\t<meta name=\"twitter:data1\" content=\"Marketing\" \/>\n\t<meta name=\"twitter:label2\" content=\"Estimated reading time\" \/>\n\t<meta name=\"twitter:data2\" content=\"2 minutes\" \/>\n<script type=\"application\/ld+json\" class=\"yoast-schema-graph\">{\"@context\":\"https:\\\/\\\/schema.org\",\"@graph\":[{\"@type\":\"Article\",\"@id\":\"https:\\\/\\\/www.groupe-cyllene.com\\\/matinee-proxmox-a-troyes\\\/#article\",\"isPartOf\":{\"@id\":\"https:\\\/\\\/www.groupe-cyllene.com\\\/matinee-proxmox-a-troyes\\\/\"},\"author\":{\"name\":\"Marketing\",\"@id\":\"https:\\\/\\\/www.groupe-cyllene.com\\\/#\\\/schema\\\/person\\\/cd069af89e51212e3b442b62db2da893\"},\"headline\":\"Matin\u00e9e Proxmox \u00e0 Troyes\",\"datePublished\":\"2026-03-03T13:09:13+00:00\",\"dateModified\":\"2026-03-16T13:45:53+00:00\",\"mainEntityOfPage\":{\"@id\":\"https:\\\/\\\/www.groupe-cyllene.com\\\/matinee-proxmox-a-troyes\\\/\"},\"wordCount\":99,\"image\":{\"@id\":\"https:\\\/\\\/www.groupe-cyllene.com\\\/matinee-proxmox-a-troyes\\\/#primaryimage\"},\"thumbnailUrl\":\"https:\\\/\\\/www.groupe-cyllene.com\\\/wp-content\\\/uploads\\\/2026\\\/03\\\/Capture-decran-2026-03-16-143120.png\",\"keywords\":[\"Proxmox\"],\"articleSection\":[\"Tout\",\"\u00c9v\u00e9nements\"],\"inLanguage\":\"en-GB\"},{\"@type\":\"WebPage\",\"@id\":\"https:\\\/\\\/www.groupe-cyllene.com\\\/matinee-proxmox-a-troyes\\\/\",\"url\":\"https:\\\/\\\/www.groupe-cyllene.com\\\/matinee-proxmox-a-troyes\\\/\",\"name\":\"Nos Actualit\u00e9s | Ev\u00e8nements - Matin\u00e9e Promox\",\"isPartOf\":{\"@id\":\"https:\\\/\\\/www.groupe-cyllene.com\\\/#website\"},\"primaryImageOfPage\":{\"@id\":\"https:\\\/\\\/www.groupe-cyllene.com\\\/matinee-proxmox-a-troyes\\\/#primaryimage\"},\"image\":{\"@id\":\"https:\\\/\\\/www.groupe-cyllene.com\\\/matinee-proxmox-a-troyes\\\/#primaryimage\"},\"thumbnailUrl\":\"https:\\\/\\\/www.groupe-cyllene.com\\\/wp-content\\\/uploads\\\/2026\\\/03\\\/Capture-decran-2026-03-16-143120.png\",\"datePublished\":\"2026-03-03T13:09:13+00:00\",\"dateModified\":\"2026-03-16T13:45:53+00:00\",\"author\":{\"@id\":\"https:\\\/\\\/www.groupe-cyllene.com\\\/#\\\/schema\\\/person\\\/cd069af89e51212e3b442b62db2da893\"},\"description\":\"D\u00e9couvrez concr\u00e8tement comment sortir de VMware et migrer vers Proxmox, une alternative souveraine, performante et \u00e9conomiquement ma\u00eetris\u00e9e.\",\"inLanguage\":\"en-GB\",\"potentialAction\":[{\"@type\":\"ReadAction\",\"target\":[\"https:\\\/\\\/www.groupe-cyllene.com\\\/matinee-proxmox-a-troyes\\\/\"]}]},{\"@type\":\"ImageObject\",\"inLanguage\":\"en-GB\",\"@id\":\"https:\\\/\\\/www.groupe-cyllene.com\\\/matinee-proxmox-a-troyes\\\/#primaryimage\",\"url\":\"https:\\\/\\\/www.groupe-cyllene.com\\\/wp-content\\\/uploads\\\/2026\\\/03\\\/Capture-decran-2026-03-16-143120.png\",\"contentUrl\":\"https:\\\/\\\/www.groupe-cyllene.com\\\/wp-content\\\/uploads\\\/2026\\\/03\\\/Capture-decran-2026-03-16-143120.png\",\"width\":472,\"height\":427},{\"@type\":\"WebSite\",\"@id\":\"https:\\\/\\\/www.groupe-cyllene.com\\\/#website\",\"url\":\"https:\\\/\\\/www.groupe-cyllene.com\\\/\",\"name\":\"Cyllene\",\"description\":\"\",\"potentialAction\":[{\"@type\":\"SearchAction\",\"target\":{\"@type\":\"EntryPoint\",\"urlTemplate\":\"https:\\\/\\\/www.groupe-cyllene.com\\\/?s={search_term_string}\"},\"query-input\":{\"@type\":\"PropertyValueSpecification\",\"valueRequired\":true,\"valueName\":\"search_term_string\"}}],\"inLanguage\":\"en-GB\"},{\"@type\":\"Person\",\"@id\":\"https:\\\/\\\/www.groupe-cyllene.com\\\/#\\\/schema\\\/person\\\/cd069af89e51212e3b442b62db2da893\",\"name\":\"Marketing\",\"image\":{\"@type\":\"ImageObject\",\"inLanguage\":\"en-GB\",\"@id\":\"https:\\\/\\\/secure.gravatar.com\\\/avatar\\\/42014d031b39fab7271aaa3bd52e866cf95c7fa6e1963c62e144a27090a48899?s=96&d=mm&r=g\",\"url\":\"https:\\\/\\\/secure.gravatar.com\\\/avatar\\\/42014d031b39fab7271aaa3bd52e866cf95c7fa6e1963c62e144a27090a48899?s=96&d=mm&r=g\",\"contentUrl\":\"https:\\\/\\\/secure.gravatar.com\\\/avatar\\\/42014d031b39fab7271aaa3bd52e866cf95c7fa6e1963c62e144a27090a48899?s=96&d=mm&r=g\",\"caption\":\"Marketing\"}}]}<\/script>\n<!-- \/ Yoast SEO plugin. -->","yoast_head_json":{"title":"Nos Actualit\u00e9s | Ev\u00e8nements - Matin\u00e9e Promox","description":"D\u00e9couvrez concr\u00e8tement comment sortir de VMware et migrer vers Proxmox, une alternative souveraine, performante et \u00e9conomiquement ma\u00eetris\u00e9e.","robots":{"index":"index","follow":"follow","max-snippet":"max-snippet:-1","max-image-preview":"max-image-preview:large","max-video-preview":"max-video-preview:-1"},"canonical":"https:\/\/www.groupe-cyllene.com\/en\/matinee-proxmox-a-troyes\/","og_locale":"en_GB","og_type":"article","og_title":"Nos Actualit\u00e9s | Ev\u00e8nements - Matin\u00e9e Promox","og_description":"D\u00e9couvrez concr\u00e8tement comment sortir de VMware et migrer vers Proxmox, une alternative souveraine, performante et \u00e9conomiquement ma\u00eetris\u00e9e.","og_url":"https:\/\/www.groupe-cyllene.com\/en\/matinee-proxmox-a-troyes\/","og_site_name":"Cyllene","article_published_time":"2026-03-03T13:09:13+00:00","article_modified_time":"2026-03-16T13:45:53+00:00","og_image":[{"width":472,"height":427,"url":"https:\/\/www.groupe-cyllene.com\/wp-content\/uploads\/2026\/03\/Capture-decran-2026-03-16-143120.png","type":"image\/png"}],"author":"Marketing","twitter_card":"summary_large_image","twitter_misc":{"Written by":"Marketing","Estimated reading time":"2 minutes"},"schema":{"@context":"https:\/\/schema.org","@graph":[{"@type":"Article","@id":"https:\/\/www.groupe-cyllene.com\/matinee-proxmox-a-troyes\/#article","isPartOf":{"@id":"https:\/\/www.groupe-cyllene.com\/matinee-proxmox-a-troyes\/"},"author":{"name":"Marketing","@id":"https:\/\/www.groupe-cyllene.com\/#\/schema\/person\/cd069af89e51212e3b442b62db2da893"},"headline":"Matin\u00e9e Proxmox \u00e0 Troyes","datePublished":"2026-03-03T13:09:13+00:00","dateModified":"2026-03-16T13:45:53+00:00","mainEntityOfPage":{"@id":"https:\/\/www.groupe-cyllene.com\/matinee-proxmox-a-troyes\/"},"wordCount":99,"image":{"@id":"https:\/\/www.groupe-cyllene.com\/matinee-proxmox-a-troyes\/#primaryimage"},"thumbnailUrl":"https:\/\/www.groupe-cyllene.com\/wp-content\/uploads\/2026\/03\/Capture-decran-2026-03-16-143120.png","keywords":["Proxmox"],"articleSection":["Tout","\u00c9v\u00e9nements"],"inLanguage":"en-GB"},{"@type":"WebPage","@id":"https:\/\/www.groupe-cyllene.com\/matinee-proxmox-a-troyes\/","url":"https:\/\/www.groupe-cyllene.com\/matinee-proxmox-a-troyes\/","name":"Nos Actualit\u00e9s | Ev\u00e8nements - Matin\u00e9e Promox","isPartOf":{"@id":"https:\/\/www.groupe-cyllene.com\/#website"},"primaryImageOfPage":{"@id":"https:\/\/www.groupe-cyllene.com\/matinee-proxmox-a-troyes\/#primaryimage"},"image":{"@id":"https:\/\/www.groupe-cyllene.com\/matinee-proxmox-a-troyes\/#primaryimage"},"thumbnailUrl":"https:\/\/www.groupe-cyllene.com\/wp-content\/uploads\/2026\/03\/Capture-decran-2026-03-16-143120.png","datePublished":"2026-03-03T13:09:13+00:00","dateModified":"2026-03-16T13:45:53+00:00","author":{"@id":"https:\/\/www.groupe-cyllene.com\/#\/schema\/person\/cd069af89e51212e3b442b62db2da893"},"description":"D\u00e9couvrez concr\u00e8tement comment sortir de VMware et migrer vers Proxmox, une alternative souveraine, performante et \u00e9conomiquement ma\u00eetris\u00e9e.","inLanguage":"en-GB","potentialAction":[{"@type":"ReadAction","target":["https:\/\/www.groupe-cyllene.com\/matinee-proxmox-a-troyes\/"]}]},{"@type":"ImageObject","inLanguage":"en-GB","@id":"https:\/\/www.groupe-cyllene.com\/matinee-proxmox-a-troyes\/#primaryimage","url":"https:\/\/www.groupe-cyllene.com\/wp-content\/uploads\/2026\/03\/Capture-decran-2026-03-16-143120.png","contentUrl":"https:\/\/www.groupe-cyllene.com\/wp-content\/uploads\/2026\/03\/Capture-decran-2026-03-16-143120.png","width":472,"height":427},{"@type":"WebSite","@id":"https:\/\/www.groupe-cyllene.com\/#website","url":"https:\/\/www.groupe-cyllene.com\/","name":"Cyllene","description":"","potentialAction":[{"@type":"SearchAction","target":{"@type":"EntryPoint","urlTemplate":"https:\/\/www.groupe-cyllene.com\/?s={search_term_string}"},"query-input":{"@type":"PropertyValueSpecification","valueRequired":true,"valueName":"search_term_string"}}],"inLanguage":"en-GB"},{"@type":"Person","@id":"https:\/\/www.groupe-cyllene.com\/#\/schema\/person\/cd069af89e51212e3b442b62db2da893","name":"Marketing","image":{"@type":"ImageObject","inLanguage":"en-GB","@id":"https:\/\/secure.gravatar.com\/avatar\/42014d031b39fab7271aaa3bd52e866cf95c7fa6e1963c62e144a27090a48899?s=96&d=mm&r=g","url":"https:\/\/secure.gravatar.com\/avatar\/42014d031b39fab7271aaa3bd52e866cf95c7fa6e1963c62e144a27090a48899?s=96&d=mm&r=g","contentUrl":"https:\/\/secure.gravatar.com\/avatar\/42014d031b39fab7271aaa3bd52e866cf95c7fa6e1963c62e144a27090a48899?s=96&d=mm&r=g","caption":"Marketing"}}]}},"_links":{"self":[{"href":"https:\/\/www.groupe-cyllene.com\/en\/wp-json\/wp\/v2\/posts\/16787","targetHints":{"allow":["GET"]}}],"collection":[{"href":"https:\/\/www.groupe-cyllene.com\/en\/wp-json\/wp\/v2\/posts"}],"about":[{"href":"https:\/\/www.groupe-cyllene.com\/en\/wp-json\/wp\/v2\/types\/post"}],"author":[{"embeddable":true,"href":"https:\/\/www.groupe-cyllene.com\/en\/wp-json\/wp\/v2\/users\/11"}],"replies":[{"embeddable":true,"href":"https:\/\/www.groupe-cyllene.com\/en\/wp-json\/wp\/v2\/comments?post=16787"}],"version-history":[{"count":16,"href":"https:\/\/www.groupe-cyllene.com\/en\/wp-json\/wp\/v2\/posts\/16787\/revisions"}],"predecessor-version":[{"id":16936,"href":"https:\/\/www.groupe-cyllene.com\/en\/wp-json\/wp\/v2\/posts\/16787\/revisions\/16936"}],"wp:featuredmedia":[{"embeddable":true,"href":"https:\/\/www.groupe-cyllene.com\/en\/wp-json\/wp\/v2\/media\/17006"}],"wp:attachment":[{"href":"https:\/\/www.groupe-cyllene.com\/en\/wp-json\/wp\/v2\/media?parent=16787"}],"wp:term":[{"taxonomy":"category","embeddable":true,"href":"https:\/\/www.groupe-cyllene.com\/en\/wp-json\/wp\/v2\/categories?post=16787"},{"taxonomy":"post_tag","embeddable":true,"href":"https:\/\/www.groupe-cyllene.com\/en\/wp-json\/wp\/v2\/tags?post=16787"}],"curies":[{"name":"wp","href":"https:\/\/api.w.org\/{rel}","templated":true}]}}