{"id":16841,"date":"2026-03-03T11:27:58","date_gmt":"2026-03-03T10:27:58","guid":{"rendered":"https:\/\/www.groupe-cyllene.com\/?p=16841"},"modified":"2026-03-13T16:11:32","modified_gmt":"2026-03-13T15:11:32","slug":"cyllene-breizh-data-day-2026","status":"publish","type":"post","link":"https:\/\/www.groupe-cyllene.com\/en\/cyllene-breizh-data-day-2026\/","title":{"rendered":"Cyllene &amp; Breizh Data Day 2026"},"content":{"rendered":"<p class=\"has-medium-font-size\">Cyllene a le plaisir de vous convier \u00e0 l&rsquo;\u00e9v\u00e9nement breton incontournable d\u00e9di\u00e9 \u00e0 la data et \u00e0 l&rsquo;IA pour vous accompagner dans votre \u00e9volution et \u00e9changer lors d&rsquo;un d\u00e9jeuner entre pairs !<\/p>\n\n\n\n<figure class=\"wp-block-image size-large\"><img loading=\"lazy\" decoding=\"async\" width=\"1024\" height=\"576\" src=\"https:\/\/www.groupe-cyllene.com\/wp-content\/uploads\/2026\/03\/Cyllene-Partenaire-du-Breizh-Data-Day-2026-c-1024x576.png\" alt=\"\" class=\"wp-image-16944\" srcset=\"https:\/\/www.groupe-cyllene.com\/wp-content\/uploads\/2026\/03\/Cyllene-Partenaire-du-Breizh-Data-Day-2026-c-1024x576.png 1024w, https:\/\/www.groupe-cyllene.com\/wp-content\/uploads\/2026\/03\/Cyllene-Partenaire-du-Breizh-Data-Day-2026-c-300x169.png 300w, https:\/\/www.groupe-cyllene.com\/wp-content\/uploads\/2026\/03\/Cyllene-Partenaire-du-Breizh-Data-Day-2026-c-768x432.png 768w, https:\/\/www.groupe-cyllene.com\/wp-content\/uploads\/2026\/03\/Cyllene-Partenaire-du-Breizh-Data-Day-2026-c-1536x864.png 1536w, https:\/\/www.groupe-cyllene.com\/wp-content\/uploads\/2026\/03\/Cyllene-Partenaire-du-Breizh-Data-Day-2026-c-18x10.png 18w, https:\/\/www.groupe-cyllene.com\/wp-content\/uploads\/2026\/03\/Cyllene-Partenaire-du-Breizh-Data-Day-2026-c.png 1920w\" sizes=\"auto, (max-width: 1024px) 100vw, 1024px\" \/><\/figure>\n\n\n\n<div style=\"height:31px\" aria-hidden=\"true\" class=\"wp-block-spacer\"><\/div>\n\n\n\n<p class=\"has-text-align-left has-medium-font-size\"><strong>Au programme :<\/strong><\/p>\n\n\n\n<ul class=\"wp-block-list\">\n<li>Innovation IA &amp; exigence \u00e9thique<br><\/li>\n\n\n\n<li>Retours d&rsquo;exp\u00e9rience concrets : <br>IA g\u00e9n\u00e9rative, RAG sant\u00e9, 5G\/6G, MLOps souverain&#8230;<br><\/li>\n\n\n\n<li>Ateliers data &amp; d\u00e9bats sur l&rsquo;impact soci\u00e9tal<br><\/li>\n\n\n\n<li><strong>D\u00e9jeuner avec les \u00e9quipes Cyllene<\/strong><\/li>\n<\/ul>\n\n\n\n<p class=\"has-text-align-center has-medium-font-size\">Rendez-vous <strong><strong>Vendredi 20 Mars 2026&nbsp;<\/strong><\/strong><br><strong><br>Palais des Congr\u00e8s de Saint-Brieuc<\/strong><br>Rue Pierre de Coubertin<br>22 000 Saint-Brieuc<\/p>\n\n\n\n<div class=\"wp-block-buttons has-custom-font-size is-content-justification-center is-layout-flex wp-container-core-buttons-is-layout-16018d1d wp-block-buttons-is-layout-flex\" style=\"font-size:30px\">\n<div class=\"wp-block-button is-style-outline is-style-outline--1\"><a class=\"wp-block-button__link has-text-color has-link-color has-text-align-center has-custom-font-size wp-element-button\" href=\"#inscription-evenement\" style=\"color:#2d6dbb;font-size:24px\">Je m&rsquo;inscris*<\/a><\/div>\n<\/div>\n\n\n\n<div style=\"height:16px\" aria-hidden=\"true\" class=\"wp-block-spacer\"><\/div>\n\n\n\n<p class=\"has-text-align-center\">*Inscription soumise \u00e0 invitation personnelle et\/ou validation.<\/p>\n\n\n\n<div id=\"inscription-evenement\" style=\"padding: 0px 0px; text-align: center;\">&nbsp;<\/div>\n\n\n\n<p><\/p>","protected":false},"excerpt":{"rendered":"<p>Cyllene a le plaisir de vous convier \u00e0 l&rsquo;\u00e9v\u00e9nement breton incontournable d\u00e9di\u00e9 \u00e0 la data et \u00e0 l&rsquo;IA pour vous accompagner dans votre \u00e9volution et \u00e9changer lors d&rsquo;un d\u00e9jeuner entre pairs ! Au programme : Rendez-vous Vendredi 20 Mars 2026&nbsp;Palais des Congr\u00e8s de Saint-BrieucRue Pierre de Coubertin22 000 Saint-Brieuc *Inscription soumise \u00e0 invitation personnelle et\/ou [&hellip;]<\/p>","protected":false},"author":11,"featured_media":16954,"comment_status":"closed","ping_status":"open","sticky":false,"template":"","format":"standard","meta":{"inline_featured_image":false,"footnotes":""},"categories":[33,45],"tags":[],"class_list":["post-16841","post","type-post","status-publish","format-standard","has-post-thumbnail","hentry","category-tout","category-evenements"],"acf":[],"yoast_head":"<!-- This site is optimized with the Yoast SEO plugin v27.5 - https:\/\/yoast.com\/product\/yoast-seo-wordpress\/ -->\n<title>Nos Actualit\u00e9s | Ev\u00e8nement - Breizh Data Day<\/title>\n<meta name=\"description\" content=\"Cyllene s&#039;associ\u00e9 \u00e0 l&#039;\u00e9v\u00e9nement breton incontournable d\u00e9di\u00e9 \u00e0 la data et \u00e0 l&#039;IA pour vous accompagner dans votre \u00e9volution !\" \/>\n<meta name=\"robots\" content=\"index, follow, max-snippet:-1, max-image-preview:large, max-video-preview:-1\" \/>\n<link rel=\"canonical\" href=\"https:\/\/www.groupe-cyllene.com\/en\/cyllene-breizh-data-day-2026\/\" \/>\n<meta property=\"og:locale\" content=\"en_GB\" \/>\n<meta property=\"og:type\" content=\"article\" \/>\n<meta property=\"og:title\" content=\"Nos Actualit\u00e9s | Ev\u00e8nement - Breizh Data Day\" \/>\n<meta property=\"og:description\" content=\"Cyllene s&#039;associ\u00e9 \u00e0 l&#039;\u00e9v\u00e9nement breton incontournable d\u00e9di\u00e9 \u00e0 la data et \u00e0 l&#039;IA pour vous accompagner dans votre \u00e9volution !\" \/>\n<meta property=\"og:url\" content=\"https:\/\/www.groupe-cyllene.com\/en\/cyllene-breizh-data-day-2026\/\" \/>\n<meta property=\"og:site_name\" content=\"Cyllene\" \/>\n<meta property=\"article:published_time\" content=\"2026-03-03T10:27:58+00:00\" \/>\n<meta property=\"article:modified_time\" content=\"2026-03-13T15:11:32+00:00\" \/>\n<meta property=\"og:image\" content=\"https:\/\/www.groupe-cyllene.com\/wp-content\/uploads\/2026\/03\/Capture-decran-2026-03-13-161048.png\" \/>\n\t<meta property=\"og:image:width\" content=\"696\" \/>\n\t<meta property=\"og:image:height\" content=\"685\" \/>\n\t<meta property=\"og:image:type\" content=\"image\/png\" \/>\n<meta name=\"author\" content=\"Marketing\" \/>\n<meta name=\"twitter:card\" content=\"summary_large_image\" \/>\n<meta name=\"twitter:label1\" content=\"Written by\" \/>\n\t<meta name=\"twitter:data1\" content=\"Marketing\" \/>\n\t<meta name=\"twitter:label2\" content=\"Estimated reading time\" \/>\n\t<meta name=\"twitter:data2\" content=\"1 minute\" \/>\n<script type=\"application\/ld+json\" class=\"yoast-schema-graph\">{\"@context\":\"https:\\\/\\\/schema.org\",\"@graph\":[{\"@type\":\"Article\",\"@id\":\"https:\\\/\\\/www.groupe-cyllene.com\\\/cyllene-breizh-data-day-2026\\\/#article\",\"isPartOf\":{\"@id\":\"https:\\\/\\\/www.groupe-cyllene.com\\\/cyllene-breizh-data-day-2026\\\/\"},\"author\":{\"name\":\"Marketing\",\"@id\":\"https:\\\/\\\/www.groupe-cyllene.com\\\/#\\\/schema\\\/person\\\/cd069af89e51212e3b442b62db2da893\"},\"headline\":\"Cyllene &amp; Breizh Data Day 2026\",\"datePublished\":\"2026-03-03T10:27:58+00:00\",\"dateModified\":\"2026-03-13T15:11:32+00:00\",\"mainEntityOfPage\":{\"@id\":\"https:\\\/\\\/www.groupe-cyllene.com\\\/cyllene-breizh-data-day-2026\\\/\"},\"wordCount\":103,\"image\":{\"@id\":\"https:\\\/\\\/www.groupe-cyllene.com\\\/cyllene-breizh-data-day-2026\\\/#primaryimage\"},\"thumbnailUrl\":\"https:\\\/\\\/www.groupe-cyllene.com\\\/wp-content\\\/uploads\\\/2026\\\/03\\\/Capture-decran-2026-03-13-161048.png\",\"articleSection\":[\"Tout\",\"\u00c9v\u00e9nements\"],\"inLanguage\":\"en-GB\"},{\"@type\":\"WebPage\",\"@id\":\"https:\\\/\\\/www.groupe-cyllene.com\\\/cyllene-breizh-data-day-2026\\\/\",\"url\":\"https:\\\/\\\/www.groupe-cyllene.com\\\/cyllene-breizh-data-day-2026\\\/\",\"name\":\"Nos Actualit\u00e9s | Ev\u00e8nement - Breizh Data Day\",\"isPartOf\":{\"@id\":\"https:\\\/\\\/www.groupe-cyllene.com\\\/#website\"},\"primaryImageOfPage\":{\"@id\":\"https:\\\/\\\/www.groupe-cyllene.com\\\/cyllene-breizh-data-day-2026\\\/#primaryimage\"},\"image\":{\"@id\":\"https:\\\/\\\/www.groupe-cyllene.com\\\/cyllene-breizh-data-day-2026\\\/#primaryimage\"},\"thumbnailUrl\":\"https:\\\/\\\/www.groupe-cyllene.com\\\/wp-content\\\/uploads\\\/2026\\\/03\\\/Capture-decran-2026-03-13-161048.png\",\"datePublished\":\"2026-03-03T10:27:58+00:00\",\"dateModified\":\"2026-03-13T15:11:32+00:00\",\"author\":{\"@id\":\"https:\\\/\\\/www.groupe-cyllene.com\\\/#\\\/schema\\\/person\\\/cd069af89e51212e3b442b62db2da893\"},\"description\":\"Cyllene s'associ\u00e9 \u00e0 l'\u00e9v\u00e9nement breton incontournable d\u00e9di\u00e9 \u00e0 la data et \u00e0 l'IA pour vous accompagner dans votre \u00e9volution !\",\"inLanguage\":\"en-GB\",\"potentialAction\":[{\"@type\":\"ReadAction\",\"target\":[\"https:\\\/\\\/www.groupe-cyllene.com\\\/cyllene-breizh-data-day-2026\\\/\"]}]},{\"@type\":\"ImageObject\",\"inLanguage\":\"en-GB\",\"@id\":\"https:\\\/\\\/www.groupe-cyllene.com\\\/cyllene-breizh-data-day-2026\\\/#primaryimage\",\"url\":\"https:\\\/\\\/www.groupe-cyllene.com\\\/wp-content\\\/uploads\\\/2026\\\/03\\\/Capture-decran-2026-03-13-161048.png\",\"contentUrl\":\"https:\\\/\\\/www.groupe-cyllene.com\\\/wp-content\\\/uploads\\\/2026\\\/03\\\/Capture-decran-2026-03-13-161048.png\",\"width\":696,\"height\":685},{\"@type\":\"WebSite\",\"@id\":\"https:\\\/\\\/www.groupe-cyllene.com\\\/#website\",\"url\":\"https:\\\/\\\/www.groupe-cyllene.com\\\/\",\"name\":\"Cyllene\",\"description\":\"\",\"potentialAction\":[{\"@type\":\"SearchAction\",\"target\":{\"@type\":\"EntryPoint\",\"urlTemplate\":\"https:\\\/\\\/www.groupe-cyllene.com\\\/?s={search_term_string}\"},\"query-input\":{\"@type\":\"PropertyValueSpecification\",\"valueRequired\":true,\"valueName\":\"search_term_string\"}}],\"inLanguage\":\"en-GB\"},{\"@type\":\"Person\",\"@id\":\"https:\\\/\\\/www.groupe-cyllene.com\\\/#\\\/schema\\\/person\\\/cd069af89e51212e3b442b62db2da893\",\"name\":\"Marketing\",\"image\":{\"@type\":\"ImageObject\",\"inLanguage\":\"en-GB\",\"@id\":\"https:\\\/\\\/secure.gravatar.com\\\/avatar\\\/42014d031b39fab7271aaa3bd52e866cf95c7fa6e1963c62e144a27090a48899?s=96&d=mm&r=g\",\"url\":\"https:\\\/\\\/secure.gravatar.com\\\/avatar\\\/42014d031b39fab7271aaa3bd52e866cf95c7fa6e1963c62e144a27090a48899?s=96&d=mm&r=g\",\"contentUrl\":\"https:\\\/\\\/secure.gravatar.com\\\/avatar\\\/42014d031b39fab7271aaa3bd52e866cf95c7fa6e1963c62e144a27090a48899?s=96&d=mm&r=g\",\"caption\":\"Marketing\"}}]}<\/script>\n<!-- \/ Yoast SEO plugin. -->","yoast_head_json":{"title":"Nos Actualit\u00e9s | Ev\u00e8nement - Breizh Data Day","description":"Cyllene s'associ\u00e9 \u00e0 l'\u00e9v\u00e9nement breton incontournable d\u00e9di\u00e9 \u00e0 la data et \u00e0 l'IA pour vous accompagner dans votre \u00e9volution !","robots":{"index":"index","follow":"follow","max-snippet":"max-snippet:-1","max-image-preview":"max-image-preview:large","max-video-preview":"max-video-preview:-1"},"canonical":"https:\/\/www.groupe-cyllene.com\/en\/cyllene-breizh-data-day-2026\/","og_locale":"en_GB","og_type":"article","og_title":"Nos Actualit\u00e9s | Ev\u00e8nement - Breizh Data Day","og_description":"Cyllene s'associ\u00e9 \u00e0 l'\u00e9v\u00e9nement breton incontournable d\u00e9di\u00e9 \u00e0 la data et \u00e0 l'IA pour vous accompagner dans votre \u00e9volution !","og_url":"https:\/\/www.groupe-cyllene.com\/en\/cyllene-breizh-data-day-2026\/","og_site_name":"Cyllene","article_published_time":"2026-03-03T10:27:58+00:00","article_modified_time":"2026-03-13T15:11:32+00:00","og_image":[{"width":696,"height":685,"url":"https:\/\/www.groupe-cyllene.com\/wp-content\/uploads\/2026\/03\/Capture-decran-2026-03-13-161048.png","type":"image\/png"}],"author":"Marketing","twitter_card":"summary_large_image","twitter_misc":{"Written by":"Marketing","Estimated reading time":"1 minute"},"schema":{"@context":"https:\/\/schema.org","@graph":[{"@type":"Article","@id":"https:\/\/www.groupe-cyllene.com\/cyllene-breizh-data-day-2026\/#article","isPartOf":{"@id":"https:\/\/www.groupe-cyllene.com\/cyllene-breizh-data-day-2026\/"},"author":{"name":"Marketing","@id":"https:\/\/www.groupe-cyllene.com\/#\/schema\/person\/cd069af89e51212e3b442b62db2da893"},"headline":"Cyllene &amp; Breizh Data Day 2026","datePublished":"2026-03-03T10:27:58+00:00","dateModified":"2026-03-13T15:11:32+00:00","mainEntityOfPage":{"@id":"https:\/\/www.groupe-cyllene.com\/cyllene-breizh-data-day-2026\/"},"wordCount":103,"image":{"@id":"https:\/\/www.groupe-cyllene.com\/cyllene-breizh-data-day-2026\/#primaryimage"},"thumbnailUrl":"https:\/\/www.groupe-cyllene.com\/wp-content\/uploads\/2026\/03\/Capture-decran-2026-03-13-161048.png","articleSection":["Tout","\u00c9v\u00e9nements"],"inLanguage":"en-GB"},{"@type":"WebPage","@id":"https:\/\/www.groupe-cyllene.com\/cyllene-breizh-data-day-2026\/","url":"https:\/\/www.groupe-cyllene.com\/cyllene-breizh-data-day-2026\/","name":"Nos Actualit\u00e9s | Ev\u00e8nement - Breizh Data Day","isPartOf":{"@id":"https:\/\/www.groupe-cyllene.com\/#website"},"primaryImageOfPage":{"@id":"https:\/\/www.groupe-cyllene.com\/cyllene-breizh-data-day-2026\/#primaryimage"},"image":{"@id":"https:\/\/www.groupe-cyllene.com\/cyllene-breizh-data-day-2026\/#primaryimage"},"thumbnailUrl":"https:\/\/www.groupe-cyllene.com\/wp-content\/uploads\/2026\/03\/Capture-decran-2026-03-13-161048.png","datePublished":"2026-03-03T10:27:58+00:00","dateModified":"2026-03-13T15:11:32+00:00","author":{"@id":"https:\/\/www.groupe-cyllene.com\/#\/schema\/person\/cd069af89e51212e3b442b62db2da893"},"description":"Cyllene s'associ\u00e9 \u00e0 l'\u00e9v\u00e9nement breton incontournable d\u00e9di\u00e9 \u00e0 la data et \u00e0 l'IA pour vous accompagner dans votre \u00e9volution !","inLanguage":"en-GB","potentialAction":[{"@type":"ReadAction","target":["https:\/\/www.groupe-cyllene.com\/cyllene-breizh-data-day-2026\/"]}]},{"@type":"ImageObject","inLanguage":"en-GB","@id":"https:\/\/www.groupe-cyllene.com\/cyllene-breizh-data-day-2026\/#primaryimage","url":"https:\/\/www.groupe-cyllene.com\/wp-content\/uploads\/2026\/03\/Capture-decran-2026-03-13-161048.png","contentUrl":"https:\/\/www.groupe-cyllene.com\/wp-content\/uploads\/2026\/03\/Capture-decran-2026-03-13-161048.png","width":696,"height":685},{"@type":"WebSite","@id":"https:\/\/www.groupe-cyllene.com\/#website","url":"https:\/\/www.groupe-cyllene.com\/","name":"Cyllene","description":"","potentialAction":[{"@type":"SearchAction","target":{"@type":"EntryPoint","urlTemplate":"https:\/\/www.groupe-cyllene.com\/?s={search_term_string}"},"query-input":{"@type":"PropertyValueSpecification","valueRequired":true,"valueName":"search_term_string"}}],"inLanguage":"en-GB"},{"@type":"Person","@id":"https:\/\/www.groupe-cyllene.com\/#\/schema\/person\/cd069af89e51212e3b442b62db2da893","name":"Marketing","image":{"@type":"ImageObject","inLanguage":"en-GB","@id":"https:\/\/secure.gravatar.com\/avatar\/42014d031b39fab7271aaa3bd52e866cf95c7fa6e1963c62e144a27090a48899?s=96&d=mm&r=g","url":"https:\/\/secure.gravatar.com\/avatar\/42014d031b39fab7271aaa3bd52e866cf95c7fa6e1963c62e144a27090a48899?s=96&d=mm&r=g","contentUrl":"https:\/\/secure.gravatar.com\/avatar\/42014d031b39fab7271aaa3bd52e866cf95c7fa6e1963c62e144a27090a48899?s=96&d=mm&r=g","caption":"Marketing"}}]}},"_links":{"self":[{"href":"https:\/\/www.groupe-cyllene.com\/en\/wp-json\/wp\/v2\/posts\/16841","targetHints":{"allow":["GET"]}}],"collection":[{"href":"https:\/\/www.groupe-cyllene.com\/en\/wp-json\/wp\/v2\/posts"}],"about":[{"href":"https:\/\/www.groupe-cyllene.com\/en\/wp-json\/wp\/v2\/types\/post"}],"author":[{"embeddable":true,"href":"https:\/\/www.groupe-cyllene.com\/en\/wp-json\/wp\/v2\/users\/11"}],"replies":[{"embeddable":true,"href":"https:\/\/www.groupe-cyllene.com\/en\/wp-json\/wp\/v2\/comments?post=16841"}],"version-history":[{"count":10,"href":"https:\/\/www.groupe-cyllene.com\/en\/wp-json\/wp\/v2\/posts\/16841\/revisions"}],"predecessor-version":[{"id":16962,"href":"https:\/\/www.groupe-cyllene.com\/en\/wp-json\/wp\/v2\/posts\/16841\/revisions\/16962"}],"wp:featuredmedia":[{"embeddable":true,"href":"https:\/\/www.groupe-cyllene.com\/en\/wp-json\/wp\/v2\/media\/16954"}],"wp:attachment":[{"href":"https:\/\/www.groupe-cyllene.com\/en\/wp-json\/wp\/v2\/media?parent=16841"}],"wp:term":[{"taxonomy":"category","embeddable":true,"href":"https:\/\/www.groupe-cyllene.com\/en\/wp-json\/wp\/v2\/categories?post=16841"},{"taxonomy":"post_tag","embeddable":true,"href":"https:\/\/www.groupe-cyllene.com\/en\/wp-json\/wp\/v2\/tags?post=16841"}],"curies":[{"name":"wp","href":"https:\/\/api.w.org\/{rel}","templated":true}]}}