{"id":16947,"date":"2026-03-13T15:54:12","date_gmt":"2026-03-13T14:54:12","guid":{"rendered":"https:\/\/www.groupe-cyllene.com\/?p=16947"},"modified":"2026-03-13T16:17:54","modified_gmt":"2026-03-13T15:17:54","slug":"breizh-data-day","status":"publish","type":"post","link":"https:\/\/www.groupe-cyllene.com\/en\/breizh-data-day\/","title":{"rendered":"Cyllene partenaire du Breizh Data Day \u00e0 Pl\u00e9rin : l\u2019expertise data au c\u0153ur de l\u2019\u00e9cosyst\u00e8me breton"},"content":{"rendered":"<h2 class=\"wp-block-heading has-medium-font-size\"><strong>Cyllene renouvelle son engagement au Breizh Data Day<\/strong><\/h2>\n\n\n\n<p>Cyllene renouvelle son partenariat avec le&nbsp;<strong>Breizh Data Day<\/strong>, un \u00e9v\u00e9nement incontournable d\u00e9di\u00e9 aux technologies de la donn\u00e9e en Bretagne. Organis\u00e9e \u00e0 Pl\u00e9rin, dans les C\u00f4tes-d\u2019Armor, cette journ\u00e9e rassemble chaque ann\u00e9e experts data, professionnels de l\u2019IT, entreprises innovantes et d\u00e9cideurs autour des grands enjeux li\u00e9s \u00e0 la valorisation des donn\u00e9es.<\/p>\n\n\n\n<p>\u00c0 travers conf\u00e9rences, retours d\u2019exp\u00e9rience et \u00e9changes entre sp\u00e9cialistes, le Breizh Data Day constitue un rendez-vous cl\u00e9 pour partager les meilleures pratiques autour des&nbsp;<strong>architectures data, de l\u2019intelligence artificielle, du machine learning, des plateformes de donn\u00e9es modernes ou encore de la gouvernance des donn\u00e9es<\/strong>.<\/p>\n\n\n\n<p>L\u2019\u00e9v\u00e9nement r\u00e9unit notamment data engineers, data analysts, data scientists, architectes IT et responsables syst\u00e8mes d\u2019information venus \u00e9changer sur les \u00e9volutions des m\u00e9tiers de la donn\u00e9e et les nouveaux usages technologiques.<\/p>\n\n\n<div class=\"wp-block-image\">\n<figure class=\"aligncenter size-large is-resized\"><img loading=\"lazy\" decoding=\"async\" width=\"1024\" height=\"576\" src=\"https:\/\/www.groupe-cyllene.com\/wp-content\/uploads\/2026\/03\/Cyllene-Partenaire-du-Breizh-Data-Day-2026-c-1024x576.png\" alt=\"\" class=\"wp-image-16944\" style=\"width:450px\" srcset=\"https:\/\/www.groupe-cyllene.com\/wp-content\/uploads\/2026\/03\/Cyllene-Partenaire-du-Breizh-Data-Day-2026-c-1024x576.png 1024w, https:\/\/www.groupe-cyllene.com\/wp-content\/uploads\/2026\/03\/Cyllene-Partenaire-du-Breizh-Data-Day-2026-c-300x169.png 300w, https:\/\/www.groupe-cyllene.com\/wp-content\/uploads\/2026\/03\/Cyllene-Partenaire-du-Breizh-Data-Day-2026-c-768x432.png 768w, https:\/\/www.groupe-cyllene.com\/wp-content\/uploads\/2026\/03\/Cyllene-Partenaire-du-Breizh-Data-Day-2026-c-1536x864.png 1536w, https:\/\/www.groupe-cyllene.com\/wp-content\/uploads\/2026\/03\/Cyllene-Partenaire-du-Breizh-Data-Day-2026-c-18x10.png 18w, https:\/\/www.groupe-cyllene.com\/wp-content\/uploads\/2026\/03\/Cyllene-Partenaire-du-Breizh-Data-Day-2026-c.png 1920w\" sizes=\"auto, (max-width: 1024px) 100vw, 1024px\" \/><\/figure>\n<\/div>\n\n\n<div style=\"height:31px\" aria-hidden=\"true\" class=\"wp-block-spacer\"><\/div>\n\n\n\n<h2 class=\"wp-block-heading has-medium-font-size\"><strong>Cyllene, expert des infrastructures et de la valorisation de la data<\/strong><\/h2>\n\n\n\n<p>Partenaire de l\u2019\u00e9v\u00e9nement, Cyllene accompagne les entreprises dans la modernisation de leurs syst\u00e8mes d\u2019information et la mise en place d\u2019infrastructures capables de soutenir leurs projets data.<\/p>\n\n\n\n<p>Les \u00e9quipes interviennent notamment sur :<\/p>\n\n\n\n<ul class=\"wp-block-list\">\n<li>la conception d\u2019architectures data performantes<\/li>\n\n\n\n<li>le d\u00e9ploiement d\u2019infrastructures cloud et hybrides<\/li>\n\n\n\n<li>la s\u00e9curisation et la protection des donn\u00e9es<\/li>\n\n\n\n<li>l\u2019optimisation des environnements IT pour les usages data et IA<\/li>\n<\/ul>\n\n\n\n<p>L\u2019objectif : permettre aux organisations de&nbsp;<strong>collecter, structurer et exploiter leurs donn\u00e9es de mani\u00e8re fiable, s\u00e9curis\u00e9e et performante<\/strong>, tout en facilitant l\u2019industrialisation des projets data et l\u2019acc\u00e8s aux informations par les m\u00e9tiers.<\/p>\n\n\n\n<h2 class=\"wp-block-heading has-medium-font-size\"><strong>Un engagement au c\u0153ur de l\u2019\u00e9cosyst\u00e8me num\u00e9rique breton<\/strong><\/h2>\n\n\n\n<p>La participation de Cyllene au Breizh Data Day s\u2019inscrit dans une volont\u00e9 de proximit\u00e9 avec les acteurs technologiques r\u00e9gionaux. En \u00e9tant pr\u00e9sent \u00e0 Pl\u00e9rin, l\u2019entreprise contribue au dynamisme de l\u2019\u00e9cosyst\u00e8me num\u00e9rique breton, particuli\u00e8rement actif dans les domaines de la data, du cloud et de l\u2019innovation technologique.<\/p>\n\n\n\n<p>Ce rendez-vous est \u00e9galement l\u2019occasion d\u2019\u00e9changer avec les entreprises et les experts du territoire autour des grands d\u00e9fis li\u00e9s aux projets data :&nbsp;<strong>architecture des donn\u00e9es, gouvernance, intelligence artificielle ou encore s\u00e9curisation des infrastructures IT<\/strong>.<\/p>\n\n\n\n<p>\u00c0 travers ce partenariat, Cyllene r\u00e9affirme son engagement \u00e0 accompagner les organisations dans leur transformation num\u00e9rique et \u00e0 soutenir les initiatives qui font vivre l\u2019\u00e9cosyst\u00e8me technologique r\u00e9gional.<\/p>\n\n\n\n<h2 class=\"wp-block-heading has-medium-font-size\"><strong>Pour aller plus loin ensemble<\/strong> <\/h2>\n\n\n\n<p>D\u00e9couvrez les expertises Cyllene li\u00e9es \u00e0 la data et aux infrastructures IT :<\/p>\n\n\n\n<ul class=\"wp-block-list\">\n<li>Data &amp; gouvernance des donn\u00e9es<\/li>\n\n\n\n<li>Infrastructures cloud et hybrides<\/li>\n\n\n\n<li>Cybersecurity and data protection<\/li>\n\n\n\n<li>Modernisation des syst\u00e8mes d\u2019information<\/li>\n<\/ul>\n\n\n\n<p><strong>Venez nous rencontrer sur le salon ! <a href=\"https:\/\/www.groupe-cyllene.com\/en\/cyllene-breizh-data-day-2026\/\">Cliquez-ici<\/a> !<\/strong><\/p>\n\n\n\n<p><\/p>","protected":false},"excerpt":{"rendered":"<p>Cyllene renouvelle son engagement au Breizh Data Day Cyllene renouvelle son partenariat avec le&nbsp;Breizh Data Day, un \u00e9v\u00e9nement incontournable d\u00e9di\u00e9 aux technologies de la donn\u00e9e en Bretagne. Organis\u00e9e \u00e0 Pl\u00e9rin, dans les C\u00f4tes-d\u2019Armor, cette journ\u00e9e rassemble chaque ann\u00e9e experts data, professionnels de l\u2019IT, entreprises innovantes et d\u00e9cideurs autour des grands enjeux li\u00e9s \u00e0 la valorisation [&hellip;]<\/p>","protected":false},"author":11,"featured_media":16954,"comment_status":"closed","ping_status":"open","sticky":false,"template":"","format":"standard","meta":{"inline_featured_image":false,"footnotes":""},"categories":[1,45],"tags":[8,207,327],"class_list":["post-16947","post","type-post","status-publish","format-standard","has-post-thumbnail","hentry","category-actualites","category-evenements","tag-data","tag-ia","tag-machine-learning"],"acf":[],"yoast_head":"<!-- This site is optimized with the Yoast SEO plugin v27.5 - https:\/\/yoast.com\/product\/yoast-seo-wordpress\/ -->\n<title>Cyllene partenaire du Breizh Data Day \u00e0 Pl\u00e9rin : l\u2019expertise data au c\u0153ur de l\u2019\u00e9cosyst\u00e8me breton - Cyllene<\/title>\n<meta name=\"description\" content=\"Cyllene renouvelle son partenariat avec le\u00a0Breizh Data Day, un \u00e9v\u00e9nement incontournable d\u00e9di\u00e9 aux technologies de la donn\u00e9e en Bretagne.\" \/>\n<meta name=\"robots\" content=\"index, follow, max-snippet:-1, max-image-preview:large, max-video-preview:-1\" \/>\n<link rel=\"canonical\" href=\"https:\/\/www.groupe-cyllene.com\/en\/breizh-data-day\/\" \/>\n<meta property=\"og:locale\" content=\"en_GB\" \/>\n<meta property=\"og:type\" content=\"article\" \/>\n<meta property=\"og:title\" content=\"Cyllene partenaire du Breizh Data Day \u00e0 Pl\u00e9rin : l\u2019expertise data au c\u0153ur de l\u2019\u00e9cosyst\u00e8me breton - Cyllene\" \/>\n<meta property=\"og:description\" content=\"Cyllene renouvelle son partenariat avec le\u00a0Breizh Data Day, un \u00e9v\u00e9nement incontournable d\u00e9di\u00e9 aux technologies de la donn\u00e9e en Bretagne.\" \/>\n<meta property=\"og:url\" content=\"https:\/\/www.groupe-cyllene.com\/en\/breizh-data-day\/\" \/>\n<meta property=\"og:site_name\" content=\"Cyllene\" \/>\n<meta property=\"article:published_time\" content=\"2026-03-13T14:54:12+00:00\" \/>\n<meta property=\"article:modified_time\" content=\"2026-03-13T15:17:54+00:00\" \/>\n<meta property=\"og:image\" content=\"https:\/\/www.groupe-cyllene.com\/wp-content\/uploads\/2026\/03\/Capture-decran-2026-03-13-161048.png\" \/>\n\t<meta property=\"og:image:width\" content=\"696\" \/>\n\t<meta property=\"og:image:height\" content=\"685\" \/>\n\t<meta property=\"og:image:type\" content=\"image\/png\" \/>\n<meta name=\"author\" content=\"Marketing\" \/>\n<meta name=\"twitter:card\" content=\"summary_large_image\" \/>\n<meta name=\"twitter:label1\" content=\"Written by\" \/>\n\t<meta name=\"twitter:data1\" content=\"Marketing\" \/>\n\t<meta name=\"twitter:label2\" content=\"Estimated reading time\" \/>\n\t<meta name=\"twitter:data2\" content=\"3 minutes\" \/>\n<script type=\"application\/ld+json\" class=\"yoast-schema-graph\">{\"@context\":\"https:\\\/\\\/schema.org\",\"@graph\":[{\"@type\":\"Article\",\"@id\":\"https:\\\/\\\/www.groupe-cyllene.com\\\/breizh-data-day\\\/#article\",\"isPartOf\":{\"@id\":\"https:\\\/\\\/www.groupe-cyllene.com\\\/breizh-data-day\\\/\"},\"author\":{\"name\":\"Marketing\",\"@id\":\"https:\\\/\\\/www.groupe-cyllene.com\\\/#\\\/schema\\\/person\\\/cd069af89e51212e3b442b62db2da893\"},\"headline\":\"Cyllene partenaire du Breizh Data Day \u00e0 Pl\u00e9rin : l\u2019expertise data au c\u0153ur de l\u2019\u00e9cosyst\u00e8me breton\",\"datePublished\":\"2026-03-13T14:54:12+00:00\",\"dateModified\":\"2026-03-13T15:17:54+00:00\",\"mainEntityOfPage\":{\"@id\":\"https:\\\/\\\/www.groupe-cyllene.com\\\/breizh-data-day\\\/\"},\"wordCount\":484,\"image\":{\"@id\":\"https:\\\/\\\/www.groupe-cyllene.com\\\/breizh-data-day\\\/#primaryimage\"},\"thumbnailUrl\":\"https:\\\/\\\/www.groupe-cyllene.com\\\/wp-content\\\/uploads\\\/2026\\\/03\\\/Capture-decran-2026-03-13-161048.png\",\"keywords\":[\"Data\",\"IA\",\"machine learning\"],\"articleSection\":[\"Actualit\u00e9s\",\"\u00c9v\u00e9nements\"],\"inLanguage\":\"en-GB\"},{\"@type\":\"WebPage\",\"@id\":\"https:\\\/\\\/www.groupe-cyllene.com\\\/breizh-data-day\\\/\",\"url\":\"https:\\\/\\\/www.groupe-cyllene.com\\\/breizh-data-day\\\/\",\"name\":\"Cyllene partenaire du Breizh Data Day \u00e0 Pl\u00e9rin : l\u2019expertise data au c\u0153ur de l\u2019\u00e9cosyst\u00e8me breton - Cyllene\",\"isPartOf\":{\"@id\":\"https:\\\/\\\/www.groupe-cyllene.com\\\/#website\"},\"primaryImageOfPage\":{\"@id\":\"https:\\\/\\\/www.groupe-cyllene.com\\\/breizh-data-day\\\/#primaryimage\"},\"image\":{\"@id\":\"https:\\\/\\\/www.groupe-cyllene.com\\\/breizh-data-day\\\/#primaryimage\"},\"thumbnailUrl\":\"https:\\\/\\\/www.groupe-cyllene.com\\\/wp-content\\\/uploads\\\/2026\\\/03\\\/Capture-decran-2026-03-13-161048.png\",\"datePublished\":\"2026-03-13T14:54:12+00:00\",\"dateModified\":\"2026-03-13T15:17:54+00:00\",\"author\":{\"@id\":\"https:\\\/\\\/www.groupe-cyllene.com\\\/#\\\/schema\\\/person\\\/cd069af89e51212e3b442b62db2da893\"},\"description\":\"Cyllene renouvelle son partenariat avec le\u00a0Breizh Data Day, un \u00e9v\u00e9nement incontournable d\u00e9di\u00e9 aux technologies de la donn\u00e9e en Bretagne.\",\"inLanguage\":\"en-GB\",\"potentialAction\":[{\"@type\":\"ReadAction\",\"target\":[\"https:\\\/\\\/www.groupe-cyllene.com\\\/breizh-data-day\\\/\"]}]},{\"@type\":\"ImageObject\",\"inLanguage\":\"en-GB\",\"@id\":\"https:\\\/\\\/www.groupe-cyllene.com\\\/breizh-data-day\\\/#primaryimage\",\"url\":\"https:\\\/\\\/www.groupe-cyllene.com\\\/wp-content\\\/uploads\\\/2026\\\/03\\\/Capture-decran-2026-03-13-161048.png\",\"contentUrl\":\"https:\\\/\\\/www.groupe-cyllene.com\\\/wp-content\\\/uploads\\\/2026\\\/03\\\/Capture-decran-2026-03-13-161048.png\",\"width\":696,\"height\":685},{\"@type\":\"WebSite\",\"@id\":\"https:\\\/\\\/www.groupe-cyllene.com\\\/#website\",\"url\":\"https:\\\/\\\/www.groupe-cyllene.com\\\/\",\"name\":\"Cyllene\",\"description\":\"\",\"potentialAction\":[{\"@type\":\"SearchAction\",\"target\":{\"@type\":\"EntryPoint\",\"urlTemplate\":\"https:\\\/\\\/www.groupe-cyllene.com\\\/?s={search_term_string}\"},\"query-input\":{\"@type\":\"PropertyValueSpecification\",\"valueRequired\":true,\"valueName\":\"search_term_string\"}}],\"inLanguage\":\"en-GB\"},{\"@type\":\"Person\",\"@id\":\"https:\\\/\\\/www.groupe-cyllene.com\\\/#\\\/schema\\\/person\\\/cd069af89e51212e3b442b62db2da893\",\"name\":\"Marketing\",\"image\":{\"@type\":\"ImageObject\",\"inLanguage\":\"en-GB\",\"@id\":\"https:\\\/\\\/secure.gravatar.com\\\/avatar\\\/42014d031b39fab7271aaa3bd52e866cf95c7fa6e1963c62e144a27090a48899?s=96&d=mm&r=g\",\"url\":\"https:\\\/\\\/secure.gravatar.com\\\/avatar\\\/42014d031b39fab7271aaa3bd52e866cf95c7fa6e1963c62e144a27090a48899?s=96&d=mm&r=g\",\"contentUrl\":\"https:\\\/\\\/secure.gravatar.com\\\/avatar\\\/42014d031b39fab7271aaa3bd52e866cf95c7fa6e1963c62e144a27090a48899?s=96&d=mm&r=g\",\"caption\":\"Marketing\"}}]}<\/script>\n<!-- \/ Yoast SEO plugin. -->","yoast_head_json":{"title":"Cyllene partenaire du Breizh Data Day \u00e0 Pl\u00e9rin : l\u2019expertise data au c\u0153ur de l\u2019\u00e9cosyst\u00e8me breton - Cyllene","description":"Cyllene renouvelle son partenariat avec le\u00a0Breizh Data Day, un \u00e9v\u00e9nement incontournable d\u00e9di\u00e9 aux technologies de la donn\u00e9e en Bretagne.","robots":{"index":"index","follow":"follow","max-snippet":"max-snippet:-1","max-image-preview":"max-image-preview:large","max-video-preview":"max-video-preview:-1"},"canonical":"https:\/\/www.groupe-cyllene.com\/en\/breizh-data-day\/","og_locale":"en_GB","og_type":"article","og_title":"Cyllene partenaire du Breizh Data Day \u00e0 Pl\u00e9rin : l\u2019expertise data au c\u0153ur de l\u2019\u00e9cosyst\u00e8me breton - Cyllene","og_description":"Cyllene renouvelle son partenariat avec le\u00a0Breizh Data Day, un \u00e9v\u00e9nement incontournable d\u00e9di\u00e9 aux technologies de la donn\u00e9e en Bretagne.","og_url":"https:\/\/www.groupe-cyllene.com\/en\/breizh-data-day\/","og_site_name":"Cyllene","article_published_time":"2026-03-13T14:54:12+00:00","article_modified_time":"2026-03-13T15:17:54+00:00","og_image":[{"width":696,"height":685,"url":"https:\/\/www.groupe-cyllene.com\/wp-content\/uploads\/2026\/03\/Capture-decran-2026-03-13-161048.png","type":"image\/png"}],"author":"Marketing","twitter_card":"summary_large_image","twitter_misc":{"Written by":"Marketing","Estimated reading time":"3 minutes"},"schema":{"@context":"https:\/\/schema.org","@graph":[{"@type":"Article","@id":"https:\/\/www.groupe-cyllene.com\/breizh-data-day\/#article","isPartOf":{"@id":"https:\/\/www.groupe-cyllene.com\/breizh-data-day\/"},"author":{"name":"Marketing","@id":"https:\/\/www.groupe-cyllene.com\/#\/schema\/person\/cd069af89e51212e3b442b62db2da893"},"headline":"Cyllene partenaire du Breizh Data Day \u00e0 Pl\u00e9rin : l\u2019expertise data au c\u0153ur de l\u2019\u00e9cosyst\u00e8me breton","datePublished":"2026-03-13T14:54:12+00:00","dateModified":"2026-03-13T15:17:54+00:00","mainEntityOfPage":{"@id":"https:\/\/www.groupe-cyllene.com\/breizh-data-day\/"},"wordCount":484,"image":{"@id":"https:\/\/www.groupe-cyllene.com\/breizh-data-day\/#primaryimage"},"thumbnailUrl":"https:\/\/www.groupe-cyllene.com\/wp-content\/uploads\/2026\/03\/Capture-decran-2026-03-13-161048.png","keywords":["Data","IA","machine learning"],"articleSection":["Actualit\u00e9s","\u00c9v\u00e9nements"],"inLanguage":"en-GB"},{"@type":"WebPage","@id":"https:\/\/www.groupe-cyllene.com\/breizh-data-day\/","url":"https:\/\/www.groupe-cyllene.com\/breizh-data-day\/","name":"Cyllene partenaire du Breizh Data Day \u00e0 Pl\u00e9rin : l\u2019expertise data au c\u0153ur de l\u2019\u00e9cosyst\u00e8me breton - Cyllene","isPartOf":{"@id":"https:\/\/www.groupe-cyllene.com\/#website"},"primaryImageOfPage":{"@id":"https:\/\/www.groupe-cyllene.com\/breizh-data-day\/#primaryimage"},"image":{"@id":"https:\/\/www.groupe-cyllene.com\/breizh-data-day\/#primaryimage"},"thumbnailUrl":"https:\/\/www.groupe-cyllene.com\/wp-content\/uploads\/2026\/03\/Capture-decran-2026-03-13-161048.png","datePublished":"2026-03-13T14:54:12+00:00","dateModified":"2026-03-13T15:17:54+00:00","author":{"@id":"https:\/\/www.groupe-cyllene.com\/#\/schema\/person\/cd069af89e51212e3b442b62db2da893"},"description":"Cyllene renouvelle son partenariat avec le\u00a0Breizh Data Day, un \u00e9v\u00e9nement incontournable d\u00e9di\u00e9 aux technologies de la donn\u00e9e en Bretagne.","inLanguage":"en-GB","potentialAction":[{"@type":"ReadAction","target":["https:\/\/www.groupe-cyllene.com\/breizh-data-day\/"]}]},{"@type":"ImageObject","inLanguage":"en-GB","@id":"https:\/\/www.groupe-cyllene.com\/breizh-data-day\/#primaryimage","url":"https:\/\/www.groupe-cyllene.com\/wp-content\/uploads\/2026\/03\/Capture-decran-2026-03-13-161048.png","contentUrl":"https:\/\/www.groupe-cyllene.com\/wp-content\/uploads\/2026\/03\/Capture-decran-2026-03-13-161048.png","width":696,"height":685},{"@type":"WebSite","@id":"https:\/\/www.groupe-cyllene.com\/#website","url":"https:\/\/www.groupe-cyllene.com\/","name":"Cyllene","description":"","potentialAction":[{"@type":"SearchAction","target":{"@type":"EntryPoint","urlTemplate":"https:\/\/www.groupe-cyllene.com\/?s={search_term_string}"},"query-input":{"@type":"PropertyValueSpecification","valueRequired":true,"valueName":"search_term_string"}}],"inLanguage":"en-GB"},{"@type":"Person","@id":"https:\/\/www.groupe-cyllene.com\/#\/schema\/person\/cd069af89e51212e3b442b62db2da893","name":"Marketing","image":{"@type":"ImageObject","inLanguage":"en-GB","@id":"https:\/\/secure.gravatar.com\/avatar\/42014d031b39fab7271aaa3bd52e866cf95c7fa6e1963c62e144a27090a48899?s=96&d=mm&r=g","url":"https:\/\/secure.gravatar.com\/avatar\/42014d031b39fab7271aaa3bd52e866cf95c7fa6e1963c62e144a27090a48899?s=96&d=mm&r=g","contentUrl":"https:\/\/secure.gravatar.com\/avatar\/42014d031b39fab7271aaa3bd52e866cf95c7fa6e1963c62e144a27090a48899?s=96&d=mm&r=g","caption":"Marketing"}}]}},"_links":{"self":[{"href":"https:\/\/www.groupe-cyllene.com\/en\/wp-json\/wp\/v2\/posts\/16947","targetHints":{"allow":["GET"]}}],"collection":[{"href":"https:\/\/www.groupe-cyllene.com\/en\/wp-json\/wp\/v2\/posts"}],"about":[{"href":"https:\/\/www.groupe-cyllene.com\/en\/wp-json\/wp\/v2\/types\/post"}],"author":[{"embeddable":true,"href":"https:\/\/www.groupe-cyllene.com\/en\/wp-json\/wp\/v2\/users\/11"}],"replies":[{"embeddable":true,"href":"https:\/\/www.groupe-cyllene.com\/en\/wp-json\/wp\/v2\/comments?post=16947"}],"version-history":[{"count":6,"href":"https:\/\/www.groupe-cyllene.com\/en\/wp-json\/wp\/v2\/posts\/16947\/revisions"}],"predecessor-version":[{"id":16961,"href":"https:\/\/www.groupe-cyllene.com\/en\/wp-json\/wp\/v2\/posts\/16947\/revisions\/16961"}],"wp:featuredmedia":[{"embeddable":true,"href":"https:\/\/www.groupe-cyllene.com\/en\/wp-json\/wp\/v2\/media\/16954"}],"wp:attachment":[{"href":"https:\/\/www.groupe-cyllene.com\/en\/wp-json\/wp\/v2\/media?parent=16947"}],"wp:term":[{"taxonomy":"category","embeddable":true,"href":"https:\/\/www.groupe-cyllene.com\/en\/wp-json\/wp\/v2\/categories?post=16947"},{"taxonomy":"post_tag","embeddable":true,"href":"https:\/\/www.groupe-cyllene.com\/en\/wp-json\/wp\/v2\/tags?post=16947"}],"curies":[{"name":"wp","href":"https:\/\/api.w.org\/{rel}","templated":true}]}}