{"id":17236,"date":"2026-04-20T15:28:39","date_gmt":"2026-04-20T14:28:39","guid":{"rendered":"https:\/\/www.groupe-cyllene.com\/?p=17236"},"modified":"2026-04-21T13:37:19","modified_gmt":"2026-04-21T12:37:19","slug":"cyllene-celebre-ses-40-ans","status":"publish","type":"post","link":"https:\/\/www.groupe-cyllene.com\/en\/cyllene-celebre-ses-40-ans\/","title":{"rendered":"Cyllene c\u00e9l\u00e8bre ses 40 ans"},"content":{"rendered":"<h2 class=\"wp-block-heading has-pale-cyan-blue-color has-text-color has-link-color wp-elements-66e22ad626a0234884547a79393783aa\" style=\"font-size:30px\"><mark style=\"background-color:rgba(0, 0, 0, 0);color:#2d6dbb\" class=\"has-inline-color\">Cet anniversaire, nous souhaitons le f\u00eater avec vous, qui nous faites confiance depuis le premier jour.<\/mark><\/h2>\n\n\n\n<div class=\"wp-block-cover alignfull is-light\"><span aria-hidden=\"true\" class=\"wp-block-cover__background has-background-dim-100 has-background-dim\" style=\"background-color:#ffffff\"><\/span><div class=\"wp-block-cover__inner-container is-layout-flow wp-block-cover-is-layout-flow\">\n<div class=\"wp-block-media-text alignwide is-stacked-on-mobile is-vertically-aligned-center is-image-fill-element\" style=\"grid-template-columns:42% auto\"><figure class=\"wp-block-media-text__media\"><img loading=\"lazy\" decoding=\"async\" width=\"666\" height=\"549\" src=\"https:\/\/www.groupe-cyllene.com\/wp-content\/uploads\/2026\/04\/bonnette-V2-1-1.jpg\" alt=\"\" class=\"wp-image-17254 size-full\" style=\"object-position:100% 51%\" srcset=\"https:\/\/www.groupe-cyllene.com\/wp-content\/uploads\/2026\/04\/bonnette-V2-1-1.jpg 666w, https:\/\/www.groupe-cyllene.com\/wp-content\/uploads\/2026\/04\/bonnette-V2-1-1-300x247.jpg 300w, https:\/\/www.groupe-cyllene.com\/wp-content\/uploads\/2026\/04\/bonnette-V2-1-1-15x12.jpg 15w\" sizes=\"auto, (max-width: 666px) 100vw, 666px\" \/><\/figure><div class=\"wp-block-media-text__content\">\n<h2 class=\"wp-block-heading has-text-color\" style=\"color:#000000;font-size:32px\"><mark style=\"background-color:rgba(0, 0, 0, 0);color:#2d6dbb\" class=\"has-inline-color\">Embarquez avec nous !<\/mark><\/h2>\n\n\n\n<p><strong><mark style=\"background-color:rgba(0, 0, 0, 0)\" class=\"has-inline-color has-black-color\">On vous attend<\/mark>, le 18 juin 2026 \u00e0 partir de 19H00<\/strong><\/p>\n\n\n\n<p>P\u00e9niche Bonnotte Club<\/p>\n\n\n\n<p>Quai de Suffren &#8211; Paris<\/p>\n<\/div><\/div>\n<\/div><\/div>\n\n\n\n<div id=\"inscription-evenement\" style=\"padding: 0px 0px; text-align: center;\">&nbsp;<\/div>","protected":false},"excerpt":{"rendered":"<p>Cet anniversaire, nous souhaitons le f\u00eater avec vous, qui nous faites confiance depuis le premier jour. &nbsp;<\/p>","protected":false},"author":11,"featured_media":17237,"comment_status":"closed","ping_status":"open","sticky":false,"template":"","format":"standard","meta":{"inline_featured_image":false,"footnotes":""},"categories":[33,45],"tags":[331,332,333],"class_list":["post-17236","post","type-post","status-publish","format-standard","has-post-thumbnail","hentry","category-tout","category-evenements","tag-40-ans","tag-anniversaire","tag-cyllene"],"acf":[],"yoast_head":"<!-- This site is optimized with the Yoast SEO plugin v21.8 - https:\/\/yoast.com\/wordpress\/plugins\/seo\/ -->\n<title>Nos Actualit\u00e9s | 40 ans Cyllene<\/title>\n<meta name=\"description\" content=\"Cyllene c\u00e9l\u00e8bre ses 40 ans\" \/>\n<meta name=\"robots\" content=\"index, follow, max-snippet:-1, max-image-preview:large, max-video-preview:-1\" \/>\n<link rel=\"canonical\" href=\"https:\/\/www.groupe-cyllene.com\/en\/cyllene-celebre-ses-40-ans\/\" \/>\n<meta property=\"og:locale\" content=\"en_GB\" \/>\n<meta property=\"og:type\" content=\"article\" \/>\n<meta property=\"og:title\" content=\"Nos Actualit\u00e9s | 40 ans Cyllene\" \/>\n<meta property=\"og:description\" content=\"Cyllene c\u00e9l\u00e8bre ses 40 ans\" \/>\n<meta property=\"og:url\" content=\"https:\/\/www.groupe-cyllene.com\/en\/cyllene-celebre-ses-40-ans\/\" \/>\n<meta property=\"og:site_name\" content=\"Cyllene\" \/>\n<meta property=\"article:published_time\" content=\"2026-04-20T14:28:39+00:00\" \/>\n<meta property=\"article:modified_time\" content=\"2026-04-21T12:37:19+00:00\" \/>\n<meta property=\"og:image\" content=\"https:\/\/www.groupe-cyllene.com\/wp-content\/uploads\/2026\/04\/invitation-40ans-VF-716x1024.png\" \/>\n\t<meta property=\"og:image:width\" content=\"716\" \/>\n\t<meta property=\"og:image:height\" content=\"1024\" \/>\n\t<meta property=\"og:image:type\" content=\"image\/png\" \/>\n<meta name=\"author\" content=\"Marketing\" \/>\n<meta name=\"twitter:card\" content=\"summary_large_image\" \/>\n<meta name=\"twitter:label1\" content=\"Written by\" \/>\n\t<meta name=\"twitter:data1\" content=\"Marketing\" \/>\n\t<meta name=\"twitter:label2\" content=\"Estimated reading time\" \/>\n\t<meta name=\"twitter:data2\" content=\"1 minute\" \/>\n<script type=\"application\/ld+json\" class=\"yoast-schema-graph\">{\"@context\":\"https:\/\/schema.org\",\"@graph\":[{\"@type\":\"WebPage\",\"@id\":\"https:\/\/www.groupe-cyllene.com\/cyllene-celebre-ses-40-ans\/\",\"url\":\"https:\/\/www.groupe-cyllene.com\/cyllene-celebre-ses-40-ans\/\",\"name\":\"Nos Actualit\u00e9s | 40 ans Cyllene\",\"isPartOf\":{\"@id\":\"https:\/\/www.groupe-cyllene.com\/#website\"},\"datePublished\":\"2026-04-20T14:28:39+00:00\",\"dateModified\":\"2026-04-21T12:37:19+00:00\",\"author\":{\"@id\":\"https:\/\/www.groupe-cyllene.com\/#\/schema\/person\/cd069af89e51212e3b442b62db2da893\"},\"description\":\"Cyllene c\u00e9l\u00e8bre ses 40 ans\",\"inLanguage\":\"en-GB\",\"potentialAction\":[{\"@type\":\"ReadAction\",\"target\":[\"https:\/\/www.groupe-cyllene.com\/cyllene-celebre-ses-40-ans\/\"]}]},{\"@type\":\"WebSite\",\"@id\":\"https:\/\/www.groupe-cyllene.com\/#website\",\"url\":\"https:\/\/www.groupe-cyllene.com\/\",\"name\":\"Cyllene\",\"description\":\"\",\"potentialAction\":[{\"@type\":\"SearchAction\",\"target\":{\"@type\":\"EntryPoint\",\"urlTemplate\":\"https:\/\/www.groupe-cyllene.com\/?s={search_term_string}\"},\"query-input\":\"required name=search_term_string\"}],\"inLanguage\":\"en-GB\"},{\"@type\":\"Person\",\"@id\":\"https:\/\/www.groupe-cyllene.com\/#\/schema\/person\/cd069af89e51212e3b442b62db2da893\",\"name\":\"Marketing\",\"image\":{\"@type\":\"ImageObject\",\"inLanguage\":\"en-GB\",\"@id\":\"https:\/\/www.groupe-cyllene.com\/#\/schema\/person\/image\/\",\"url\":\"https:\/\/secure.gravatar.com\/avatar\/42014d031b39fab7271aaa3bd52e866cf95c7fa6e1963c62e144a27090a48899?s=96&d=mm&r=g\",\"contentUrl\":\"https:\/\/secure.gravatar.com\/avatar\/42014d031b39fab7271aaa3bd52e866cf95c7fa6e1963c62e144a27090a48899?s=96&d=mm&r=g\",\"caption\":\"Marketing\"}}]}<\/script>\n<!-- \/ Yoast SEO plugin. -->","yoast_head_json":{"title":"Nos Actualit\u00e9s | 40 ans Cyllene","description":"Cyllene c\u00e9l\u00e8bre ses 40 ans","robots":{"index":"index","follow":"follow","max-snippet":"max-snippet:-1","max-image-preview":"max-image-preview:large","max-video-preview":"max-video-preview:-1"},"canonical":"https:\/\/www.groupe-cyllene.com\/en\/cyllene-celebre-ses-40-ans\/","og_locale":"en_GB","og_type":"article","og_title":"Nos Actualit\u00e9s | 40 ans Cyllene","og_description":"Cyllene c\u00e9l\u00e8bre ses 40 ans","og_url":"https:\/\/www.groupe-cyllene.com\/en\/cyllene-celebre-ses-40-ans\/","og_site_name":"Cyllene","article_published_time":"2026-04-20T14:28:39+00:00","article_modified_time":"2026-04-21T12:37:19+00:00","og_image":[{"width":716,"height":1024,"url":"https:\/\/www.groupe-cyllene.com\/wp-content\/uploads\/2026\/04\/invitation-40ans-VF-716x1024.png","type":"image\/png"}],"author":"Marketing","twitter_card":"summary_large_image","twitter_misc":{"Written by":"Marketing","Estimated reading time":"1 minute"},"schema":{"@context":"https:\/\/schema.org","@graph":[{"@type":"WebPage","@id":"https:\/\/www.groupe-cyllene.com\/cyllene-celebre-ses-40-ans\/","url":"https:\/\/www.groupe-cyllene.com\/cyllene-celebre-ses-40-ans\/","name":"Nos Actualit\u00e9s | 40 ans Cyllene","isPartOf":{"@id":"https:\/\/www.groupe-cyllene.com\/#website"},"datePublished":"2026-04-20T14:28:39+00:00","dateModified":"2026-04-21T12:37:19+00:00","author":{"@id":"https:\/\/www.groupe-cyllene.com\/#\/schema\/person\/cd069af89e51212e3b442b62db2da893"},"description":"Cyllene c\u00e9l\u00e8bre ses 40 ans","inLanguage":"en-GB","potentialAction":[{"@type":"ReadAction","target":["https:\/\/www.groupe-cyllene.com\/cyllene-celebre-ses-40-ans\/"]}]},{"@type":"WebSite","@id":"https:\/\/www.groupe-cyllene.com\/#website","url":"https:\/\/www.groupe-cyllene.com\/","name":"Cyllene","description":"","potentialAction":[{"@type":"SearchAction","target":{"@type":"EntryPoint","urlTemplate":"https:\/\/www.groupe-cyllene.com\/?s={search_term_string}"},"query-input":"required name=search_term_string"}],"inLanguage":"en-GB"},{"@type":"Person","@id":"https:\/\/www.groupe-cyllene.com\/#\/schema\/person\/cd069af89e51212e3b442b62db2da893","name":"Marketing","image":{"@type":"ImageObject","inLanguage":"en-GB","@id":"https:\/\/www.groupe-cyllene.com\/#\/schema\/person\/image\/","url":"https:\/\/secure.gravatar.com\/avatar\/42014d031b39fab7271aaa3bd52e866cf95c7fa6e1963c62e144a27090a48899?s=96&d=mm&r=g","contentUrl":"https:\/\/secure.gravatar.com\/avatar\/42014d031b39fab7271aaa3bd52e866cf95c7fa6e1963c62e144a27090a48899?s=96&d=mm&r=g","caption":"Marketing"}}]}},"_links":{"self":[{"href":"https:\/\/www.groupe-cyllene.com\/en\/wp-json\/wp\/v2\/posts\/17236","targetHints":{"allow":["GET"]}}],"collection":[{"href":"https:\/\/www.groupe-cyllene.com\/en\/wp-json\/wp\/v2\/posts"}],"about":[{"href":"https:\/\/www.groupe-cyllene.com\/en\/wp-json\/wp\/v2\/types\/post"}],"author":[{"embeddable":true,"href":"https:\/\/www.groupe-cyllene.com\/en\/wp-json\/wp\/v2\/users\/11"}],"replies":[{"embeddable":true,"href":"https:\/\/www.groupe-cyllene.com\/en\/wp-json\/wp\/v2\/comments?post=17236"}],"version-history":[{"count":23,"href":"https:\/\/www.groupe-cyllene.com\/en\/wp-json\/wp\/v2\/posts\/17236\/revisions"}],"predecessor-version":[{"id":17270,"href":"https:\/\/www.groupe-cyllene.com\/en\/wp-json\/wp\/v2\/posts\/17236\/revisions\/17270"}],"wp:featuredmedia":[{"embeddable":true,"href":"https:\/\/www.groupe-cyllene.com\/en\/wp-json\/wp\/v2\/media\/17237"}],"wp:attachment":[{"href":"https:\/\/www.groupe-cyllene.com\/en\/wp-json\/wp\/v2\/media?parent=17236"}],"wp:term":[{"taxonomy":"category","embeddable":true,"href":"https:\/\/www.groupe-cyllene.com\/en\/wp-json\/wp\/v2\/categories?post=17236"},{"taxonomy":"post_tag","embeddable":true,"href":"https:\/\/www.groupe-cyllene.com\/en\/wp-json\/wp\/v2\/tags?post=17236"}],"curies":[{"name":"wp","href":"https:\/\/api.w.org\/{rel}","templated":true}]}}